{"id":46080,"date":"2022-09-22T07:16:47","date_gmt":"2022-09-22T12:16:47","guid":{"rendered":"http:\/\/www.zonaroja.com.mx\/?p=46080"},"modified":"2022-09-22T07:16:49","modified_gmt":"2022-09-22T12:16:49","slug":"apoya-centro-de-justicia-alternativa-en-solucion-de-conflictos-entre-escolares","status":"publish","type":"post","link":"https:\/\/zonaroja.com.mx\/?p=46080","title":{"rendered":"Apoya Centro de Justicia Alternativa en soluci\u00f3n de conflictos entre escolares"},"content":{"rendered":"\n<p>Redacci\u00f3n\/Zona Roja.<\/p>\n\n\n\n<p>Oaxaca de Ju\u00e1rez, Oax., a 22 de septiembre de 2022.- Uno de los objetivos del Centro de Justicia Alternativa del Poder Judicial del Estado, es&nbsp;fortalecer la cultura de la paz entre&nbsp;la comunidad&nbsp;escolar&nbsp;para&nbsp;apoyar, desde el \u00e1mbito de sus funciones,&nbsp;en la&nbsp;prevenci\u00f3n de conflictos y disminuci\u00f3n de&nbsp;casos de&nbsp;violencia y reacciones agresivas&nbsp;que llegan a presentarse en&nbsp;las escuelas de nivel&nbsp;b\u00e1sico.<\/p>\n\n\n\n<p>A trav\u00e9s de diferentes talleres y actividades, personal especializado&nbsp;sensibiliza a&nbsp;directivos, docentes y estudiantes&nbsp;sobre la importancia del di\u00e1logo&nbsp;para la soluci\u00f3n de los problemas o situaciones de agresi\u00f3n que pudieran vivir y como un m\u00e9todo de prevenci\u00f3n hacia&nbsp;agresiones f\u00edsicas o verbales,&nbsp;adem\u00e1s de que se promueven la pr\u00e1ctica valores como el respeto, empat\u00eda, justicia, sana convivencia social e igualdad.<\/p>\n\n\n\n<p>En entrevista para el&nbsp;podcast \u201cHablemos Justamente\u201d,&nbsp;la psic\u00f3loga del Centro de Justicia Alternativa&nbsp;del Poder Judicial del Estado, Mar\u00eda del Carmen Gonz\u00e1lez Tellaeche, explic\u00f3 que la mediaci\u00f3n escolar involucra al alumnado, profesorado, madres y padres de familia para llegar a una soluci\u00f3n pac\u00edfica a trav\u00e9s del di\u00e1logo, en situaciones como son diferencias entre los estudiantes, bullying o ciberbullying, este \u00faltimo con un incremento importante en&nbsp;el periodo de&nbsp;pandemia.&nbsp;<\/p>\n\n\n\n<p>Se\u00f1al\u00f3 que los casos&nbsp;pueden resolverse tanto por la v\u00eda&nbsp;del&nbsp;Centro de Justicia Alternativa&nbsp;como en la propia instituci\u00f3n educativa con el apoyo de este organismo y para iniciar la atenci\u00f3n es importante que las y los involucrados acudan de manera voluntaria. Hasta el momento, indic\u00f3, se ha trabajado&nbsp;en este tema&nbsp;con planteles del&nbsp;Cecyteo, el&nbsp;Cobao&nbsp;y telesecundarias.&nbsp;<\/p>\n\n\n\n<p>Para mayor informaci\u00f3n sobre el servicio de mediaci\u00f3n escolar&nbsp;o la impartici\u00f3n de talleres, invit\u00f3 a la&nbsp;comunidad escolar&nbsp;acercarse a las instalaciones ubicadas&nbsp;en la calzada Madero n\u00famero 908 letra K. Ex marquesado, Centro, Oaxaca. Los tel\u00e9fonos son: (951) 514 9191, 514 1471 y 01800 821 6789. Los servicios que brinda son gratuitos.<\/p>\n\n\n\n<p>El podcast \u201cHablemos Justamente\u201d, conducido por Yared Z\u00e1rate, se transmite los martes&nbsp;a las&nbsp;9:00 horas por Global 96.9 FM, Oaxaque\u00f1a Radio 92.9 FM y se encuentra disponible en las redes sociales del Poder Judicial del Estado con enlace a Spotify en&nbsp;https:\/\/open.spotify.com\/show\/5dYwaeC9J1VaUgIOHceURx,Google Podcasts&nbsp;https:\/\/anchor.fm\/trinunal-superior-justicia-oaxacay&nbsp;Souncloud&nbsp;en&nbsp;https:\/\/soundcloud.com\/hablemosjustamente.<\/p>\n","protected":false},"excerpt":{"rendered":"<p>Redacci\u00f3n\/Zona Roja. Oaxaca de Ju\u00e1rez, Oax., a 22 de septiembre de 2022.- Uno de los&hellip;<\/p>\n","protected":false},"author":2,"featured_media":14549,"comment_status":"closed","ping_status":"open","sticky":false,"template":"","format":"standard","meta":{"_lmt_disableupdate":"","_lmt_disable":"","_jetpack_memberships_contains_paid_content":false,"footnotes":""},"categories":[109,46,47],"tags":[223],"class_list":["post-46080","post","type-post","status-publish","format-standard","has-post-thumbnail","hentry","category-minuto-a-minuto","category-zona-blanca","category-zona-gris","tag-poder-judicial-de-oaxaca"],"jetpack_featured_media_url":"https:\/\/zonaroja.com.mx\/wp-content\/uploads\/2020\/07\/01-TRIBUNAL.jpg","jetpack_sharing_enabled":true,"_links":{"self":[{"href":"https:\/\/zonaroja.com.mx\/index.php?rest_route=\/wp\/v2\/posts\/46080","targetHints":{"allow":["GET"]}}],"collection":[{"href":"https:\/\/zonaroja.com.mx\/index.php?rest_route=\/wp\/v2\/posts"}],"about":[{"href":"https:\/\/zonaroja.com.mx\/index.php?rest_route=\/wp\/v2\/types\/post"}],"author":[{"embeddable":true,"href":"https:\/\/zonaroja.com.mx\/index.php?rest_route=\/wp\/v2\/users\/2"}],"replies":[{"embeddable":true,"href":"https:\/\/zonaroja.com.mx\/index.php?rest_route=%2Fwp%2Fv2%2Fcomments&post=46080"}],"version-history":[{"count":1,"href":"https:\/\/zonaroja.com.mx\/index.php?rest_route=\/wp\/v2\/posts\/46080\/revisions"}],"predecessor-version":[{"id":46081,"href":"https:\/\/zonaroja.com.mx\/index.php?rest_route=\/wp\/v2\/posts\/46080\/revisions\/46081"}],"wp:featuredmedia":[{"embeddable":true,"href":"https:\/\/zonaroja.com.mx\/index.php?rest_route=\/wp\/v2\/media\/14549"}],"wp:attachment":[{"href":"https:\/\/zonaroja.com.mx\/index.php?rest_route=%2Fwp%2Fv2%2Fmedia&parent=46080"}],"wp:term":[{"taxonomy":"category","embeddable":true,"href":"https:\/\/zonaroja.com.mx\/index.php?rest_route=%2Fwp%2Fv2%2Fcategories&post=46080"},{"taxonomy":"post_tag","embeddable":true,"href":"https:\/\/zonaroja.com.mx\/index.php?rest_route=%2Fwp%2Fv2%2Ftags&post=46080"}],"curies":[{"name":"wp","href":"https:\/\/api.w.org\/{rel}","templated":true}]}}