{"id":46084,"date":"2022-09-22T07:31:31","date_gmt":"2022-09-22T12:31:31","guid":{"rendered":"http:\/\/www.zonaroja.com.mx\/?p=46084"},"modified":"2022-09-22T07:31:33","modified_gmt":"2022-09-22T12:31:33","slug":"registra-pinotepa-oaxaca-dos-asesinatos-entre-ellos-el-de-una-mujer","status":"publish","type":"post","link":"https:\/\/zonaroja.com.mx\/?p=46084","title":{"rendered":"Registra Pinotepa, Oaxaca, dos asesinatos, entre ellos el de una mujer"},"content":{"rendered":"\n<p>Ismael Garc\u00eda M.\/Zona Roja.<\/p>\n\n\n\n<p>Oaxaca de Ju\u00e1rez, Oax., a 22 de septiembre de 2022.- Un hombre y una mujer fueron asesinados a balazos anoche en Pinotepa Nacional y otro individuo m\u00e1s en el municipio de Soyaltepec, con los cuales se eleva a ocho la cifra de homicidios registrados este mi\u00e9rcoles.<\/p>\n\n\n\n<p>Minutos despu\u00e9s de las 22:00 horas, en la calle 3 Poniente de Pinotepa, municipio de la regi\u00f3n costa, fueron agredidas dos personas con disparos de arma de fuego.<\/p>\n\n\n\n<p>En el sitio quedaron sin vida Mario V. L., de 35 a\u00f1os de edad, y&nbsp; Yamilet T. T., de 20 a\u00f1os de edad, estudiante de una escuela de nivel superior y originaria de San Pedro Amuzgos.<\/p>\n\n\n\n<p>A\u00fan se desconoce qui\u00e9n o qui\u00e9nes los privaron de la vida, as\u00ed como el m\u00f3vil.<\/p>\n\n\n\n<p>OTRO EN SOYALTEPEC<\/p>\n\n\n\n<p>Por otra parte, un crimen se registr\u00f3 anoche en Soyaltepec, conocido tambi\u00e9n como Temascal, municipio de la regi\u00f3n Cuenca del Papaloapan del estado.<\/p>\n\n\n\n<p>Sujetos armados ultimaron a Felipe de Jes\u00fas C. M., activista del PRI y quien, de acuerdo con medios informativos regionales, fue colaborador del ex diputado Gustavo D\u00edaz S\u00e1nchez y del legislador Alejandro Avil\u00e9s \u00c1lvarez.<\/p>\n\n\n\n<p>Como se inform\u00f3 ayer, otros cr\u00edmenes se registraron en el transcurso del d\u00eda en Santa Luc\u00eda del Camino, Juchit\u00e1n de Zaragoza, Ejutla de Crespo, Puerto Escondido y ciudad de Oaxaca.<\/p>\n\n\n\n<p>En todos los casos no hay personas detenidas y la Fiscal\u00eda General del Estado de Oaxaca abri\u00f3 las respectivas Carpetas de Investigaci\u00f3n.<\/p>\n","protected":false},"excerpt":{"rendered":"<p>Ismael Garc\u00eda M.\/Zona Roja. Oaxaca de Ju\u00e1rez, Oax., a 22 de septiembre de 2022.- Un&hellip;<\/p>\n","protected":false},"author":2,"featured_media":46085,"comment_status":"closed","ping_status":"open","sticky":false,"template":"","format":"standard","meta":{"_lmt_disableupdate":"","_lmt_disable":"","_jetpack_memberships_contains_paid_content":false,"footnotes":""},"categories":[109,51],"tags":[916],"class_list":["post-46084","post","type-post","status-publish","format-standard","has-post-thumbnail","hentry","category-minuto-a-minuto","category-zona-roja","tag-pinotepa-nacional"],"jetpack_featured_media_url":"https:\/\/zonaroja.com.mx\/wp-content\/uploads\/2022\/09\/Asesinado-Temascal-Soyaltepec.jpg","jetpack_sharing_enabled":true,"_links":{"self":[{"href":"https:\/\/zonaroja.com.mx\/index.php?rest_route=\/wp\/v2\/posts\/46084","targetHints":{"allow":["GET"]}}],"collection":[{"href":"https:\/\/zonaroja.com.mx\/index.php?rest_route=\/wp\/v2\/posts"}],"about":[{"href":"https:\/\/zonaroja.com.mx\/index.php?rest_route=\/wp\/v2\/types\/post"}],"author":[{"embeddable":true,"href":"https:\/\/zonaroja.com.mx\/index.php?rest_route=\/wp\/v2\/users\/2"}],"replies":[{"embeddable":true,"href":"https:\/\/zonaroja.com.mx\/index.php?rest_route=%2Fwp%2Fv2%2Fcomments&post=46084"}],"version-history":[{"count":1,"href":"https:\/\/zonaroja.com.mx\/index.php?rest_route=\/wp\/v2\/posts\/46084\/revisions"}],"predecessor-version":[{"id":46086,"href":"https:\/\/zonaroja.com.mx\/index.php?rest_route=\/wp\/v2\/posts\/46084\/revisions\/46086"}],"wp:featuredmedia":[{"embeddable":true,"href":"https:\/\/zonaroja.com.mx\/index.php?rest_route=\/wp\/v2\/media\/46085"}],"wp:attachment":[{"href":"https:\/\/zonaroja.com.mx\/index.php?rest_route=%2Fwp%2Fv2%2Fmedia&parent=46084"}],"wp:term":[{"taxonomy":"category","embeddable":true,"href":"https:\/\/zonaroja.com.mx\/index.php?rest_route=%2Fwp%2Fv2%2Fcategories&post=46084"},{"taxonomy":"post_tag","embeddable":true,"href":"https:\/\/zonaroja.com.mx\/index.php?rest_route=%2Fwp%2Fv2%2Ftags&post=46084"}],"curies":[{"name":"wp","href":"https:\/\/api.w.org\/{rel}","templated":true}]}}