{"id":46090,"date":"2022-09-22T11:46:00","date_gmt":"2022-09-22T16:46:00","guid":{"rendered":"http:\/\/www.zonaroja.com.mx\/?p=46090"},"modified":"2022-09-22T07:53:31","modified_gmt":"2022-09-22T12:53:31","slug":"coordinan-el-ieepco-y-el-inmujeres-estrategia-integral-con-enfoque-intercultural","status":"publish","type":"post","link":"https:\/\/zonaroja.com.mx\/?p=46090","title":{"rendered":"Coordinan el IEEPCO y el Inmujeres estrategia integral con enfoque intercultural"},"content":{"rendered":"\n<p>Redacci\u00f3n\/Zona Roja.<\/p>\n\n\n\n<p>Oaxaca de Ju\u00e1rez, Oax., a 22 de septiembre de 2022.- El Instituto Estatal Electoral y de Participaci\u00f3n Ciudadana de Oaxaca (IEEPCO), en coordinaci\u00f3n con el Instituto Nacional de las Mujeres (Inmujeres), concluy\u00f3 los trabajos de la Estrategia integral con enfoque intercultural, comunitario y de g\u00e9nero para garantizar la participaci\u00f3n pol\u00edtica de las mujeres en municipios de Sistemas Normativos Ind\u00edgenas en Oaxaca.&nbsp;<\/p>\n\n\n\n<p>La actividad estuvo encabezada por la consejera presidenta, Elizabeth S\u00e1nchez Gonz\u00e1lez, quien agradeci\u00f3 al Inmujeres por involucrarse en un proyecto tan importante particularmente en un estado como Oaxaca, donde la mayor\u00eda de los municipios cuentan con sistemas propios de organizaci\u00f3n.&nbsp;<\/p>\n\n\n\n<p>En este sentido, detall\u00f3 que uno de los principios que rigen al \u00f3rgano electoral es la interculturalidad, por ello la relevancia de los trabajos en comunidad y la capacitaci\u00f3n al funcionariado p\u00fablico a fin de que sea consciente de este principio y lo ponga en pr\u00e1ctica en beneficio del quehacer del Instituto.&nbsp;<\/p>\n\n\n\n<p>En representaci\u00f3n del Centro Profesional Ind\u00edgena de Asesor\u00eda, Defensa y Traducci\u00f3n (Cepiadet), quien se encarg\u00f3 de la ejecuci\u00f3n de la estrategia, Edith Mat\u00edas inform\u00f3 sobre las actividades que integraron la estrategia dirigida a las autoridades municipales y mujeres en municipios de Valles Centrales, Sierra Sur y Costa; as\u00ed como al personal del Instituto.\u00a0<\/p>\n\n\n\n<figure class=\"wp-block-embed is-type-rich is-provider-twitter wp-block-embed-twitter\"><div class=\"wp-block-embed__wrapper\">\n<div class=\"twitter-tweet\"><blockquote class=\"twitter-tweet\" data-lang=\"es\"><p lang=\"es\" dir=\"ltr\">La consejera presidenta del <a href=\"https:\/\/twitter.com\/hashtag\/IEEPCO?src=hash&amp;ref_src=twsrc%5Etfw\">#IEEPCO<\/a>, Elizabeth S\u00e1nchez (<a href=\"https:\/\/twitter.com\/Bidxa_a?ref_src=twsrc%5Etfw\">@Bidxa_a<\/a>), la consejera electoral, Zaira Hip\u00f3lito (<a href=\"https:\/\/twitter.com\/ZairaGixi?ref_src=twsrc%5Etfw\">@ZairaGixi<\/a>) y la directora de <a href=\"https:\/\/twitter.com\/inmujeres?ref_src=twsrc%5Etfw\">@inmujeres<\/a>, Anabel L\u00f3pez (<a href=\"https:\/\/twitter.com\/analosan?ref_src=twsrc%5Etfw\">@analosan<\/a>), clausuraron el proceso formativo intercultural dirigido al personal del \u00f3rgano local electoral. <a href=\"https:\/\/t.co\/RvvvuW7ew7\">pic.twitter.com\/RvvvuW7ew7<\/a><\/p>&mdash; IEEPCO (@IEEPCO) <a href=\"https:\/\/twitter.com\/IEEPCO\/status\/1572670097663336448?ref_src=twsrc%5Etfw\">21 de septiembre de 2022<\/a><\/blockquote><\/div>\n<\/div><\/figure>\n\n\n\n<p>Por su parte, la consejera electoral, Zaira Alhel\u00ed Hip\u00f3lito L\u00f3pez, recalc\u00f3 la importancia de formar con perspectiva integral a las personas que est\u00e1n en contacto directo con los sistemas de gobierno ind\u00edgena y agradeci\u00f3 los trabajos realizados por Cepiadet.&nbsp;<\/p>\n\n\n\n<p>Mientras que, el personal del \u00f3rgano electoral celebr\u00f3 la iniciativa y la oportunidad de cursar el proceso formativo que les permiti\u00f3 obtener un panorama m\u00e1s amplio de la intercultural y c\u00f3mo se debe poner en pr\u00e1ctica en los Sistemas Normativos Ind\u00edgenas.&nbsp;<\/p>\n\n\n\n<p>As\u00ed mismo, la directora general para la Promoci\u00f3n de una Vida Libre de Violencia e Impulso a la Participaci\u00f3n Pol\u00edtica del Inmujeres, Anabel L\u00f3pez S\u00e1nchez, reconoci\u00f3 que existe un avance hist\u00f3rico con relaci\u00f3n a la participaci\u00f3n pol\u00edtica de las mujeres, ello gracias al impulso de legislaciones que garanticen la paridad.&nbsp;<\/p>\n\n\n\n<p>Sin embargo, reconoci\u00f3 que las mujeres ind\u00edgenas siguen enfrentando una triple discriminaci\u00f3n en torno a la garant\u00eda de sus derechos, de ah\u00ed que se necesitan muchos esfuerzos y desde diferentes frentes para que la paridad no sea \u00fanicamente num\u00e9rica y se vuelva efectiva en beneficio de las comunidades.&nbsp;<\/p>\n\n\n\n<p>Finalmente, personal del IEEPCO recibi\u00f3 la constancia respectiva por su participaci\u00f3n en el curso \u201cFormaci\u00f3n con enfoque intercultural, comunitario y de g\u00e9nero para garantizar la participaci\u00f3n pol\u00edtica de las mujeres en municipios de Sistemas Normativos Ind\u00edgenas\u201d.&nbsp;<\/p>\n","protected":false},"excerpt":{"rendered":"<p>Redacci\u00f3n\/Zona Roja. Oaxaca de Ju\u00e1rez, Oax., a 22 de septiembre de 2022.- El Instituto Estatal&hellip;<\/p>\n","protected":false},"author":2,"featured_media":46091,"comment_status":"closed","ping_status":"open","sticky":false,"template":"","format":"standard","meta":{"_lmt_disableupdate":"","_lmt_disable":"","_jetpack_memberships_contains_paid_content":false,"footnotes":""},"categories":[109,46],"tags":[2932],"class_list":["post-46090","post","type-post","status-publish","format-standard","has-post-thumbnail","hentry","category-minuto-a-minuto","category-zona-blanca","tag-instituto-estatal-electoral-y-de-participacion-ciudadana-de-oaxaca-ieepco"],"jetpack_featured_media_url":"https:\/\/zonaroja.com.mx\/wp-content\/uploads\/2022\/09\/IEEPCO-e-Inmujeres-capacitacion.jpeg","jetpack_sharing_enabled":true,"_links":{"self":[{"href":"https:\/\/zonaroja.com.mx\/index.php?rest_route=\/wp\/v2\/posts\/46090","targetHints":{"allow":["GET"]}}],"collection":[{"href":"https:\/\/zonaroja.com.mx\/index.php?rest_route=\/wp\/v2\/posts"}],"about":[{"href":"https:\/\/zonaroja.com.mx\/index.php?rest_route=\/wp\/v2\/types\/post"}],"author":[{"embeddable":true,"href":"https:\/\/zonaroja.com.mx\/index.php?rest_route=\/wp\/v2\/users\/2"}],"replies":[{"embeddable":true,"href":"https:\/\/zonaroja.com.mx\/index.php?rest_route=%2Fwp%2Fv2%2Fcomments&post=46090"}],"version-history":[{"count":1,"href":"https:\/\/zonaroja.com.mx\/index.php?rest_route=\/wp\/v2\/posts\/46090\/revisions"}],"predecessor-version":[{"id":46092,"href":"https:\/\/zonaroja.com.mx\/index.php?rest_route=\/wp\/v2\/posts\/46090\/revisions\/46092"}],"wp:featuredmedia":[{"embeddable":true,"href":"https:\/\/zonaroja.com.mx\/index.php?rest_route=\/wp\/v2\/media\/46091"}],"wp:attachment":[{"href":"https:\/\/zonaroja.com.mx\/index.php?rest_route=%2Fwp%2Fv2%2Fmedia&parent=46090"}],"wp:term":[{"taxonomy":"category","embeddable":true,"href":"https:\/\/zonaroja.com.mx\/index.php?rest_route=%2Fwp%2Fv2%2Fcategories&post=46090"},{"taxonomy":"post_tag","embeddable":true,"href":"https:\/\/zonaroja.com.mx\/index.php?rest_route=%2Fwp%2Fv2%2Ftags&post=46090"}],"curies":[{"name":"wp","href":"https:\/\/api.w.org\/{rel}","templated":true}]}}