{"id":46093,"date":"2022-09-22T09:54:00","date_gmt":"2022-09-22T14:54:00","guid":{"rendered":"http:\/\/www.zonaroja.com.mx\/?p=46093"},"modified":"2022-09-22T07:58:25","modified_gmt":"2022-09-22T12:58:25","slug":"logra-fiscalia-66-anos-de-prision-para-feminicida-de-oaxaca","status":"publish","type":"post","link":"https:\/\/zonaroja.com.mx\/?p=46093","title":{"rendered":"Logra Fiscal\u00eda 66 a\u00f1os de prisi\u00f3n para feminicida de Oaxaca"},"content":{"rendered":"\n<p>Redacci\u00f3n\/Zona Roja.<\/p>\n\n\n\n<p>Oaxaca de Ju\u00e1rez, Oax., a 22 de septiembre de 2022.- La labor de investigaci\u00f3n y seguimiento de casos de violencia de g\u00e9nero de la Fiscal\u00eda General del Estado de Oaxaca (FGEO) obtuvo, del Tribunal de Enjuiciamiento, sentencia condenatoria de 66 a\u00f1os de prisi\u00f3n contra la persona del sexo masculino identificada como D. J. V. H., responsable del delito de feminicidio agravado en contra de quien en vida respondi\u00f3 al nombre de A. R. C., cometido en jurisdicci\u00f3n de San Pedro Atoyac, en el distrito de Jamiltepec, en la regi\u00f3n de la Costa.<\/p>\n\n\n\n<p>De acuerdo con la causa penal 402\/2018, la madrugada del 3 de diciembre de 2018, el imputado agredi\u00f3 f\u00edsicamente a la v\u00edctima, ocasion\u00e1ndole la muerte cuando se encontraba en un cuarto de su domicilio particular, ubicado en el Barrio San Nicol\u00e1s, en el referido municipio.<\/p>\n\n\n\n<p>Ante este hecho, la Vicefiscal\u00eda Regional de la Costa intervino e inici\u00f3 las investigaciones correspondientes -a trav\u00e9s de la Unidad Operativa de Investigaci\u00f3n de Delitos Cometidos contra la Mujer por Raz\u00f3n de Genero-, logrando aprehender al imputado y presentarlo ante el Juez de Control, quien determin\u00f3 vinculado a proceso.<\/p>\n\n\n\n<p>En audiencia, el Tribunal de Enjuiciamiento dict\u00f3 sentencia condenatoria contra D. J. V. H., imponiendo la pena de 66 a\u00f1os de prisi\u00f3n y el pago de m\u00e1s de 453 mil pesos por concepto de multa y reparaci\u00f3n del da\u00f1o.<\/p>\n\n\n\n<p>La resoluci\u00f3n de delitos por raz\u00f3n de g\u00e9nero, son prioridad para la Fiscal\u00eda de Oaxaca, principalmente cuando se trata de feminicidios, por lo que las investigaciones se realizan de manera expedita y con total apego a la Ley.&nbsp;<\/p>\n\n\n\n<p>AGRESOR DETENIDO<\/p>\n\n\n\n<p>Por otra parte, la Fiscal\u00eda General logr\u00f3 aprehender a la persona del sexo masculino identificada como G. A. C. P., probable responsable del delito de abuso sexual agravado contra una menor de edad -de identidad reservada por ley-, cometido en jurisdicci\u00f3n de San Sebasti\u00e1n Tecomaxtlahuaca, en el distrito de Juxtlahuaca, en la regi\u00f3n de la Mixteca.<\/p>\n\n\n\n<p>De acuerdo con la carpeta de investigaci\u00f3n 10045\/FMIX\/HUAJUAPAN\/2022, el 23 de marzo de 2022, el imputado probablemente agredi\u00f3 de manera sexual a la menor de edad cuando se encontraban en un domicilio ubicado en el Barrio San Sebasti\u00e1n, perteneciente al referido municipio.<\/p>\n\n\n\n<p>Luego de recibir la denuncia de parte de familiares y en atenci\u00f3n a este caso, la FGEO inici\u00f3 la investigaci\u00f3n correspondiente y a trav\u00e9s de elementos de la Agencia Estatal de Investigaciones (AEI), adscritos a la Vicefiscal\u00eda Regional de la Mixteca, el pasado 20 de septiembre cumplimentaron orden de aprehensi\u00f3n contra el probable agresor sexual.<\/p>\n\n\n\n<p>Respecto a su situaci\u00f3n jur\u00eddica, tras ser presentado ante el Juez en turno, el imputado solicit\u00f3 el t\u00e9rmino constitucional, mismo que fenece el pr\u00f3ximo 22 de septiembre de 2022, quedando en tanto en prisi\u00f3n preventiva de manera provisional.<\/p>\n","protected":false},"excerpt":{"rendered":"<p>Redacci\u00f3n\/Zona Roja. Oaxaca de Ju\u00e1rez, Oax., a 22 de septiembre de 2022.- La labor de&hellip;<\/p>\n","protected":false},"author":2,"featured_media":42252,"comment_status":"closed","ping_status":"open","sticky":false,"template":"","format":"standard","meta":{"_lmt_disableupdate":"","_lmt_disable":"","_jetpack_memberships_contains_paid_content":false,"footnotes":""},"categories":[109,46],"tags":[494],"class_list":["post-46093","post","type-post","status-publish","format-standard","has-post-thumbnail","hentry","category-minuto-a-minuto","category-zona-blanca","tag-fiscalia-general-del-estado-de-oaxaca"],"jetpack_featured_media_url":"https:\/\/zonaroja.com.mx\/wp-content\/uploads\/2022\/06\/Tribunal-sentencia-.webp","jetpack_sharing_enabled":true,"_links":{"self":[{"href":"https:\/\/zonaroja.com.mx\/index.php?rest_route=\/wp\/v2\/posts\/46093","targetHints":{"allow":["GET"]}}],"collection":[{"href":"https:\/\/zonaroja.com.mx\/index.php?rest_route=\/wp\/v2\/posts"}],"about":[{"href":"https:\/\/zonaroja.com.mx\/index.php?rest_route=\/wp\/v2\/types\/post"}],"author":[{"embeddable":true,"href":"https:\/\/zonaroja.com.mx\/index.php?rest_route=\/wp\/v2\/users\/2"}],"replies":[{"embeddable":true,"href":"https:\/\/zonaroja.com.mx\/index.php?rest_route=%2Fwp%2Fv2%2Fcomments&post=46093"}],"version-history":[{"count":1,"href":"https:\/\/zonaroja.com.mx\/index.php?rest_route=\/wp\/v2\/posts\/46093\/revisions"}],"predecessor-version":[{"id":46094,"href":"https:\/\/zonaroja.com.mx\/index.php?rest_route=\/wp\/v2\/posts\/46093\/revisions\/46094"}],"wp:featuredmedia":[{"embeddable":true,"href":"https:\/\/zonaroja.com.mx\/index.php?rest_route=\/wp\/v2\/media\/42252"}],"wp:attachment":[{"href":"https:\/\/zonaroja.com.mx\/index.php?rest_route=%2Fwp%2Fv2%2Fmedia&parent=46093"}],"wp:term":[{"taxonomy":"category","embeddable":true,"href":"https:\/\/zonaroja.com.mx\/index.php?rest_route=%2Fwp%2Fv2%2Fcategories&post=46093"},{"taxonomy":"post_tag","embeddable":true,"href":"https:\/\/zonaroja.com.mx\/index.php?rest_route=%2Fwp%2Fv2%2Ftags&post=46093"}],"curies":[{"name":"wp","href":"https:\/\/api.w.org\/{rel}","templated":true}]}}