{"id":46095,"date":"2022-09-22T14:29:14","date_gmt":"2022-09-22T19:29:14","guid":{"rendered":"http:\/\/www.zonaroja.com.mx\/?p=46095"},"modified":"2022-09-22T14:29:16","modified_gmt":"2022-09-22T19:29:16","slug":"secuestran-a-turista-alemana-en-oaxaca-la-rescata-fiscalia-general","status":"publish","type":"post","link":"https:\/\/zonaroja.com.mx\/?p=46095","title":{"rendered":"Secuestran a turista alemana en Oaxaca; la rescata Fiscal\u00eda General"},"content":{"rendered":"\n<p>Yuridiana Sosa\/Zona Roja.<\/p>\n\n\n\n<p>Oaxaca de Ju\u00e1rez, Oax, 22 de septiembre de 2022.- El caso de una mujer de origen alem\u00e1n, secuestrada y rescatada en la Costa de Oaxaca, fue expuesto durante la conferencia matutina del Presidente Andr\u00e9s Manuel L\u00f3pez Obrador, en relaci\u00f3n a las acciones conjuntas entre los \u00f3rdenes de gobierno en materia de seguridad.<\/p>\n\n\n\n<p>El subsecretario de Seguridad y Protecci\u00f3n Ciudadana, Ricardo Mej\u00eda, destac\u00f3 las acciones coordinadas entre la Coordinaci\u00f3n Nacional Antisecuestro (Conase), la Fiscal\u00eda General de Oaxaca y la Secretar\u00eda de Seguridad y Protecci\u00f3n Ciudadana para ubicar y poner a salvo a la v\u00edctima, as\u00ed como lograr la detenci\u00f3n de uno de los responsables.<\/p>\n\n\n\n<p>El plagio se habr\u00eda realizado desde el pasado 8 de septiembre en Puerto Escondido, en la regi\u00f3n de la Costa de Oaxaca, para despu\u00e9s exigir la cantidad de un mill\u00f3n de pesos para su liberaci\u00f3n.<\/p>\n\n\n\n<p>Ricardo Mej\u00eda apunt\u00f3 que el pasado 20 de septiembre se logr\u00f3 la ubicaci\u00f3n de la mujer en Santa Mar\u00eda Colotepec, puesta a salvo, as\u00ed como se detuvo a un hombre identificado como Silverio N.<\/p>\n\n\n\n<p>As\u00ed tambi\u00e9n se realiz\u00f3 el tr\u00e1mite correspondiente con la Embajada de Alemania.\u00a0El funcionario federal abund\u00f3 que este es una muestra de las acciones de \u201ccero tolerancia\u201d que aplican el gobierno federal y las autoridades estatales.<\/p>\n\n\n\n<figure class=\"wp-block-embed is-type-rich is-provider-twitter wp-block-embed-twitter\"><div class=\"wp-block-embed__wrapper\">\n<div class=\"twitter-tweet\"><blockquote class=\"twitter-tweet\" data-lang=\"es\"><p lang=\"es\" dir=\"ltr\">De nuevo <a href=\"https:\/\/twitter.com\/hashtag\/Oaxaca?src=hash&amp;ref_src=twsrc%5Etfw\">#Oaxaca<\/a> en la conferencia del Presidente Andr\u00e9s Manuel L\u00f3pez Obrador.<br>Ahora se informa del rescate que hizo la Unidad Antisecuestro de la <a href=\"https:\/\/twitter.com\/FISCALIA_GobOax?ref_src=twsrc%5Etfw\">@FISCALIA_GobOax<\/a>, de una mujer de Alemania en Puerto Escondido, por quien ped\u00edan un mill\u00f3n de pesos; hay un detenido. <a href=\"https:\/\/t.co\/5FLyqLBKyC\">pic.twitter.com\/5FLyqLBKyC<\/a><\/p>&mdash; Zona Roja Oaxaca (@ZonaRoja_Oaxaca) <a href=\"https:\/\/twitter.com\/ZonaRoja_Oaxaca\/status\/1572935983292911619?ref_src=twsrc%5Etfw\">22 de septiembre de 2022<\/a><\/blockquote><\/div>\n<\/div><\/figure>\n","protected":false},"excerpt":{"rendered":"<p>Yuridiana Sosa\/Zona Roja. Oaxaca de Ju\u00e1rez, Oax, 22 de septiembre de 2022.- El caso de&hellip;<\/p>\n","protected":false},"author":2,"featured_media":46096,"comment_status":"closed","ping_status":"open","sticky":false,"template":"","format":"standard","meta":{"_lmt_disableupdate":"","_lmt_disable":"","_jetpack_memberships_contains_paid_content":false,"footnotes":""},"categories":[109,46],"tags":[494],"class_list":["post-46095","post","type-post","status-publish","format-standard","has-post-thumbnail","hentry","category-minuto-a-minuto","category-zona-blanca","tag-fiscalia-general-del-estado-de-oaxaca"],"jetpack_featured_media_url":"https:\/\/zonaroja.com.mx\/wp-content\/uploads\/2022\/09\/Secuestrador-detenido-Costa-alemana.jpg","jetpack_sharing_enabled":true,"_links":{"self":[{"href":"https:\/\/zonaroja.com.mx\/index.php?rest_route=\/wp\/v2\/posts\/46095","targetHints":{"allow":["GET"]}}],"collection":[{"href":"https:\/\/zonaroja.com.mx\/index.php?rest_route=\/wp\/v2\/posts"}],"about":[{"href":"https:\/\/zonaroja.com.mx\/index.php?rest_route=\/wp\/v2\/types\/post"}],"author":[{"embeddable":true,"href":"https:\/\/zonaroja.com.mx\/index.php?rest_route=\/wp\/v2\/users\/2"}],"replies":[{"embeddable":true,"href":"https:\/\/zonaroja.com.mx\/index.php?rest_route=%2Fwp%2Fv2%2Fcomments&post=46095"}],"version-history":[{"count":1,"href":"https:\/\/zonaroja.com.mx\/index.php?rest_route=\/wp\/v2\/posts\/46095\/revisions"}],"predecessor-version":[{"id":46097,"href":"https:\/\/zonaroja.com.mx\/index.php?rest_route=\/wp\/v2\/posts\/46095\/revisions\/46097"}],"wp:featuredmedia":[{"embeddable":true,"href":"https:\/\/zonaroja.com.mx\/index.php?rest_route=\/wp\/v2\/media\/46096"}],"wp:attachment":[{"href":"https:\/\/zonaroja.com.mx\/index.php?rest_route=%2Fwp%2Fv2%2Fmedia&parent=46095"}],"wp:term":[{"taxonomy":"category","embeddable":true,"href":"https:\/\/zonaroja.com.mx\/index.php?rest_route=%2Fwp%2Fv2%2Fcategories&post=46095"},{"taxonomy":"post_tag","embeddable":true,"href":"https:\/\/zonaroja.com.mx\/index.php?rest_route=%2Fwp%2Fv2%2Ftags&post=46095"}],"curies":[{"name":"wp","href":"https:\/\/api.w.org\/{rel}","templated":true}]}}