{"id":46098,"date":"2022-09-22T15:05:57","date_gmt":"2022-09-22T20:05:57","guid":{"rendered":"http:\/\/www.zonaroja.com.mx\/?p=46098"},"modified":"2022-09-22T15:05:58","modified_gmt":"2022-09-22T20:05:58","slug":"estudiantes-armados-en-escuela-de-oaxaca-eran-de-juguete-pero-suspenden-clases","status":"publish","type":"post","link":"https:\/\/zonaroja.com.mx\/?p=46098","title":{"rendered":"\u00a1Estudiantes armados en escuela de Oaxaca!.. Eran de juguete pero suspenden clases"},"content":{"rendered":"\n<p>Ismael Garc\u00eda M.\/Zona Roja.<\/p>\n\n\n\n<p>Oaxaca de Ju\u00e1rez, Oax., a 22 de septiembre de 2022.- Tras la amenaza la semana pasada por parte de un estudiante de causar una masacre armada, este d\u00eda de nuevo el Centro de Bachillerato Tecnol\u00f3gico, Industrial y de Servicios n\u00famero 25 de Salina Cruz, Oaxaca, suspendi\u00f3 clases.<\/p>\n\n\n\n<p>Ello debido a que se filtraron fotograf\u00edas en que unos estudiantes portaba armas de fuego; sin embargo, se corrobor\u00f3 posteriormente que eran de juguete.<\/p>\n\n\n\n<p>La situaci\u00f3n alarm\u00f3 a los alumnos, padres de familia, docentes y directivos, por lo que decidieron suspender clases este jueves, con la finalidad de analizar la situaci\u00f3n.<\/p>\n\n\n\n<p>Incluso al plantel, ubicado en la colonia Hidalgo Oriente, arribaron elementos policiacos y de la Guardia Nacional presuntamente para realizar detenciones, lo que increment\u00f3 m\u00e1s la psicosis.<\/p>\n\n\n\n<p>Hasta el momento ni la instituci\u00f3n educativa ni las autoridades municipales de dicha ciudad y puerto ubicada en la regi\u00f3n del Istmo de Tehuantepec, han emitido un comunicado oficial.<\/p>\n\n\n\n<p>La semana pasada, un estudiante convoc\u00f3 al \u201cprimer tiroteo escolar en el CBTIS 25\u201d, que supuestamente se realizar\u00eda el lunes 19 de septiembre.<\/p>\n\n\n\n<p>El director del plantel emiti\u00f3 un oficio en que inform\u00f3 que ya hab\u00eda sido identificado al alumno que lanz\u00f3 la convocatoria v\u00eda Facebook y fue citado con los directivos, junto con sus padres de familia; mientras tanto, el pasado viernes se suspendieron las clases y este jueves, otra vez.<\/p>\n","protected":false},"excerpt":{"rendered":"<p>Ismael Garc\u00eda M.\/Zona Roja. Oaxaca de Ju\u00e1rez, Oax., a 22 de septiembre de 2022.- Tras&hellip;<\/p>\n","protected":false},"author":2,"featured_media":46099,"comment_status":"closed","ping_status":"open","sticky":false,"template":"","format":"standard","meta":{"_lmt_disableupdate":"","_lmt_disable":"","_jetpack_memberships_contains_paid_content":false,"footnotes":""},"categories":[109,47],"tags":[168],"class_list":["post-46098","post","type-post","status-publish","format-standard","has-post-thumbnail","hentry","category-minuto-a-minuto","category-zona-gris","tag-salina-cruz"],"jetpack_featured_media_url":"https:\/\/zonaroja.com.mx\/wp-content\/uploads\/2022\/09\/Amenaza-de-tiroteo-y-armado-CBTIS-Salina-Cruz.jpg","jetpack_sharing_enabled":true,"_links":{"self":[{"href":"https:\/\/zonaroja.com.mx\/index.php?rest_route=\/wp\/v2\/posts\/46098","targetHints":{"allow":["GET"]}}],"collection":[{"href":"https:\/\/zonaroja.com.mx\/index.php?rest_route=\/wp\/v2\/posts"}],"about":[{"href":"https:\/\/zonaroja.com.mx\/index.php?rest_route=\/wp\/v2\/types\/post"}],"author":[{"embeddable":true,"href":"https:\/\/zonaroja.com.mx\/index.php?rest_route=\/wp\/v2\/users\/2"}],"replies":[{"embeddable":true,"href":"https:\/\/zonaroja.com.mx\/index.php?rest_route=%2Fwp%2Fv2%2Fcomments&post=46098"}],"version-history":[{"count":1,"href":"https:\/\/zonaroja.com.mx\/index.php?rest_route=\/wp\/v2\/posts\/46098\/revisions"}],"predecessor-version":[{"id":46100,"href":"https:\/\/zonaroja.com.mx\/index.php?rest_route=\/wp\/v2\/posts\/46098\/revisions\/46100"}],"wp:featuredmedia":[{"embeddable":true,"href":"https:\/\/zonaroja.com.mx\/index.php?rest_route=\/wp\/v2\/media\/46099"}],"wp:attachment":[{"href":"https:\/\/zonaroja.com.mx\/index.php?rest_route=%2Fwp%2Fv2%2Fmedia&parent=46098"}],"wp:term":[{"taxonomy":"category","embeddable":true,"href":"https:\/\/zonaroja.com.mx\/index.php?rest_route=%2Fwp%2Fv2%2Fcategories&post=46098"},{"taxonomy":"post_tag","embeddable":true,"href":"https:\/\/zonaroja.com.mx\/index.php?rest_route=%2Fwp%2Fv2%2Ftags&post=46098"}],"curies":[{"name":"wp","href":"https:\/\/api.w.org\/{rel}","templated":true}]}}