{"id":46101,"date":"2022-09-22T18:37:23","date_gmt":"2022-09-22T23:37:23","guid":{"rendered":"http:\/\/www.zonaroja.com.mx\/?p=46101"},"modified":"2022-09-22T18:53:15","modified_gmt":"2022-09-22T23:53:15","slug":"confirman-la-localizacion-de-un-cuerpo-sin-vida-de-una-mujer-en-oaxaca","status":"publish","type":"post","link":"https:\/\/zonaroja.com.mx\/?p=46101","title":{"rendered":"Confirman la localizaci\u00f3n de un cuerpo sin vida de una mujer en Oaxaca"},"content":{"rendered":"\n<p>Redacci\u00f3n\/Zona Roja.<\/p>\n\n\n\n<p>Oaxaca de Ju\u00e1rez, Oax., a 22 de septiembre de 2022.- Fuentes de la Fiscal\u00eda General del Estado de Oaxaca confirmaron el hallazgo en la regi\u00f3n Mixteca del cuerpo sin vida de una mujer, originaria de Guerrero.<\/p>\n\n\n\n<p>La v\u00edctima fue identificada por sus familiares como Nancy Hern\u00e1ndez Fuentes, de 35 a\u00f1os de edad, quien fue vista por \u00faltima vez el pasado s\u00e1bado 17 de septiembre, a las 18:00 horas, en la terminal de autobuses Taxque\u00f1a, de la Ciudad de M\u00e9xico, de donde se presume ir\u00eda a la localidad de Cruz Grande de su entidad natal.<\/p>\n\n\n\n<p>No obstante, el cuerpo de quien se desempe\u00f1ara como enfermera del Hospital Regional \u201cLic. Adolfo L\u00f3pez Mateos\u201d del ISSSTE fue localizado en territorio oaxaque\u00f1o, aunque no se han revelado las causas del deceso.<\/p>\n\n\n\n<p>Nancy Hern\u00e1ndez Fuentes ten\u00eda 35 a\u00f1os de edad y se hallaba cursando la trig\u00e9sima semana de embarazo. A\u00fan se desconocen las causas que provocaron la muerte de la femenina y las razones por las cuales fue localizada en el municipio de San Miguel Tequixtepec, distrito de Coixtlahuaca, el estado de Oaxaca.<\/p>\n\n\n\n<p>V\u00eda redes sociales, la Fiscal\u00eda General confirm\u00f3 que el cuerpo fue identificado por sus familiares y tras los tr\u00e1mites legales, les fue entregado el mismo.<\/p>\n\n\n\n<figure class=\"wp-block-embed is-type-rich is-provider-twitter wp-block-embed-twitter\"><div class=\"wp-block-embed__wrapper\">\n<div class=\"twitter-tweet\"><blockquote class=\"twitter-tweet\" data-lang=\"es\"><p lang=\"es\" dir=\"ltr\">Este jueves 22 de septiembre, familiares de la v\u00edctima reconocieron el cuerpo y tras realizar los tr\u00e1mites legales, personal de la Vicefiscal\u00eda Regional de la Mixteca les hizo entrega del mismo, en tanto que las investigaciones contin\u00faan. (2\/2) <a href=\"https:\/\/t.co\/VXGhroJTSp\">pic.twitter.com\/VXGhroJTSp<\/a><\/p>&mdash; Fiscal\u00eda General (@FISCALIA_GobOax) <a href=\"https:\/\/twitter.com\/FISCALIA_GobOax\/status\/1573096512783015938?ref_src=twsrc%5Etfw\">22 de septiembre de 2022<\/a><\/blockquote><\/div>\n<\/div><\/figure>\n","protected":false},"excerpt":{"rendered":"<p>Redacci\u00f3n\/Zona Roja. Oaxaca de Ju\u00e1rez, Oax., a 22 de septiembre de 2022.- Fuentes de la&hellip;<\/p>\n","protected":false},"author":2,"featured_media":46102,"comment_status":"closed","ping_status":"open","sticky":false,"template":"","format":"standard","meta":{"_lmt_disableupdate":"","_lmt_disable":"","_jetpack_memberships_contains_paid_content":false,"footnotes":""},"categories":[109,51],"tags":[3266],"class_list":["post-46101","post","type-post","status-publish","format-standard","has-post-thumbnail","hentry","category-minuto-a-minuto","category-zona-roja","tag-nancy-hernandez-fuentes"],"jetpack_featured_media_url":"https:\/\/zonaroja.com.mx\/wp-content\/uploads\/2022\/09\/Nancy-Hernandez-Fuentes-asesinada.jpg","jetpack_sharing_enabled":true,"_links":{"self":[{"href":"https:\/\/zonaroja.com.mx\/index.php?rest_route=\/wp\/v2\/posts\/46101","targetHints":{"allow":["GET"]}}],"collection":[{"href":"https:\/\/zonaroja.com.mx\/index.php?rest_route=\/wp\/v2\/posts"}],"about":[{"href":"https:\/\/zonaroja.com.mx\/index.php?rest_route=\/wp\/v2\/types\/post"}],"author":[{"embeddable":true,"href":"https:\/\/zonaroja.com.mx\/index.php?rest_route=\/wp\/v2\/users\/2"}],"replies":[{"embeddable":true,"href":"https:\/\/zonaroja.com.mx\/index.php?rest_route=%2Fwp%2Fv2%2Fcomments&post=46101"}],"version-history":[{"count":3,"href":"https:\/\/zonaroja.com.mx\/index.php?rest_route=\/wp\/v2\/posts\/46101\/revisions"}],"predecessor-version":[{"id":46108,"href":"https:\/\/zonaroja.com.mx\/index.php?rest_route=\/wp\/v2\/posts\/46101\/revisions\/46108"}],"wp:featuredmedia":[{"embeddable":true,"href":"https:\/\/zonaroja.com.mx\/index.php?rest_route=\/wp\/v2\/media\/46102"}],"wp:attachment":[{"href":"https:\/\/zonaroja.com.mx\/index.php?rest_route=%2Fwp%2Fv2%2Fmedia&parent=46101"}],"wp:term":[{"taxonomy":"category","embeddable":true,"href":"https:\/\/zonaroja.com.mx\/index.php?rest_route=%2Fwp%2Fv2%2Fcategories&post=46101"},{"taxonomy":"post_tag","embeddable":true,"href":"https:\/\/zonaroja.com.mx\/index.php?rest_route=%2Fwp%2Fv2%2Ftags&post=46101"}],"curies":[{"name":"wp","href":"https:\/\/api.w.org\/{rel}","templated":true}]}}