{"id":4611,"date":"2019-10-06T21:08:48","date_gmt":"2019-10-07T02:08:48","guid":{"rendered":"http:\/\/www.zonaroja.com.mx\/?p=4611"},"modified":"2019-10-06T21:08:51","modified_gmt":"2019-10-07T02:08:51","slug":"toledo-a-un-mes-de-su-partida","status":"publish","type":"post","link":"https:\/\/zonaroja.com.mx\/?p=4611","title":{"rendered":"Toledo a un mes de su partida"},"content":{"rendered":"\n<p>Mar\u00eda Isabel Gra\u00f1\u00e9n Porr\u00faa<\/p>\n\n\n\n<p>No s\u00e9 ni c\u00f3mo empezar. Las palabras se\nme hacen un nudo en la garganta. Mi coraz\u00f3n oprimido duele. Hay sucesos en los\nque no caben las preguntas. Tu muerte, Francisco Toledo, nos deja\ndesprotegidos, ha sido implacable, sorda e incomprensible. Lloro tu ausencia, a\npesar de que tu presencia ba\u00f1a cada rinc\u00f3n de Oaxaca. <\/p>\n\n\n\n<p>Te busco en el IAGO, en esa hermosa\ncasa que fue el hogar de una generaci\u00f3n necesitada de libros y de cultura; ah\u00ed\nest\u00e1s en tus macetas, en las columnas, en las rejas y en la bugambilia que\nsembraste en el patio trasero. Ha crecido tanto que su cubierta ba\u00f1a de sombra\na los lectores y pinta las paredes con su silueta.<\/p>\n\n\n\n<p>&nbsp;El lugar es tan bello, tan acogedor, que en\nlos \u00faltimos d\u00edas se ha convertido en una capilla sagrada a la que acuden\nespont\u00e1neamente los habitantes y paseantes de Oaxaca. Llevan flores y ofrendas,\npinturas, recados y fotos a su querido Maestro Toledo. Y es que, Francisco,\nten\u00edas tanto coraz\u00f3n que daba para todos. A cada uno nos dejaste algo de tu\ngenerosidad, de tu mirada profunda, de tu ser.<\/p>\n\n\n\n<p>Busco tu melena negra, y te veo al\ncaminar en la calle de Alcal\u00e1. Llevas un libro bajo el brazo, tus pasos no se\ndetienen, vas concentrado y saludas a alguien que grita: \u00a1maestro!, sonr\u00edes y\nsigues tu camino. <\/p>\n\n\n\n<p>Entras a una librer\u00eda y el mundo se\ndetiene. Compras tu peri\u00f3dico y lo extiendes en una de las mesas del IAGO \u00a1Ah\u00ed\nest\u00e1s, ah\u00ed sigues! En casa de la Chatita, aguardo a que toques la aldaba de la\npuerta y que ella exclame: \u00a1\u00c9se es Paco! En la mesa est\u00e1 listo tu totopo, el\nqueso fresco y el chocolate caliente o tu caf\u00e9. <\/p>\n\n\n\n<p>En mi oficina espero a que abras la\npuerta y que me digas: \u201c\u00bfEst\u00e1s ocupada?\u2026\u201d Aqu\u00ed sigues en mi mente, en mis\nrecuerdos, en mi vida. Tu presencia sigue colmando Oaxaca, porque tu luz es tan\nintensa que permanece la estela esperanzadora que dejaste.<\/p>\n\n\n\n<p>Alma de ahuehuete, crecimos bajo tu\nsombra, rodeados de tu fauna imaginaria, siempre espont\u00e1nea, siempre creativa.\nNuestra vida qued\u00f3 permeada de sue\u00f1os con iguanas, conejos, lagartos y tortugas;\npeces, mantarrayas, langostas y camarones; monos, garzas y murci\u00e9lagos;\nvenados, elefantes y tapires\u2026 <\/p>\n\n\n\n<p>Nos ense\u00f1aste que la Naturaleza sabe a\nuna f\u00e1bula en zapoteco, y que en los seres diminutos tambi\u00e9n existen las\nhistorias fascinantes.<\/p>\n\n\n\n<p>Tu vida ha sido la de un jardinero que\ndecidi\u00f3 plantar \u00e1rboles, libros, arte y belleza para devolver la vida a la\ntierra. El mundo, mientras tanto, se desangra en violencia y corrupci\u00f3n.\nConvencido de tu misi\u00f3n, te abocaste a reforestar una zona des\u00e9rtica de Oaxaca.\n<\/p>\n\n\n\n<p>La tierra desfallec\u00eda junto a los\npobladores de ese maravilloso lugar. Silencioso, alzaste la voz en favor del\nma\u00edz nativo y las lenguas originarias; defendiste como nadie tu ciudad y el\npatrimonio natural y cultural. No te bast\u00f3 quedarte mirando, actuaste. Volaste\npapalotes en busca de 43 j\u00f3venes desaparecidos; sent\u00edas tanto dolor que lo\nconvertiste en obras de extrema belleza y nos hiciste llorar.<\/p>\n\n\n\n<p>Sab\u00edas que los libros eran el mejor\nrefugio, no te bast\u00f3 con leerlos y adquirirlos, sino que los compartiste con una\ngeneraci\u00f3n \u00e1vida de letras. <\/p>\n\n\n\n<p>Cambiaste el mundo, s\u00ed, el nuestro, el\nde cientos de personas que necesit\u00e1bamos el b\u00e1lsamo de los estantes de la\nbiblioteca del IAGO. Comprend\u00edas que el arte tambi\u00e9n sana. <\/p>\n\n\n\n<p>No te conformaste con apreciar las\nobras de los grandes artistas, sino que moviste cielo, mar y tierra para que\nexposiciones magn\u00edficas llegaran a los museos de Oaxaca. As\u00ed comenz\u00f3 a brillar\nel Museo de Arte Contempor\u00e1neo de Oaxaca, y florecieron tus m\u00faltiples\nproyectos: el Centro Fotogr\u00e1fico \u00c1lvarez Bravo, el Taller Arte Papel Oaxaca, la\nBiblioteca de Invidentes Jorge Luis Borges, el cine El Pochote, el Centro de\nlas Artes de San Agust\u00edn Etla, la Biblioteca Francisco de Burgoa y el Jard\u00edn\nEtnobot\u00e1nico. <\/p>\n\n\n\n<p>Nos llenaste de belleza. Y, por\nsupuesto, tus brotes han sido inspiradores de otros \u00e1rboles floridos de la\nFundaci\u00f3n Alfredo Harp Hel\u00fa. S\u00ed, la tierra y sus habitantes nos nutrimos con tu\nsavia.<\/p>\n\n\n\n<p>No ha sido un trabajo f\u00e1cil, el\njardinero requiere de paciencia, recursos y tenacidad. No hubo un plan\npremeditado, hiciste lo que dict\u00f3 tu coraz\u00f3n. Te divertiste con la germinaci\u00f3n\nde tus plantas, eso te manten\u00eda entretenido. Jam\u00e1s obligaste a nadie, tus\nproyectos fueron siempre una invitaci\u00f3n voluntaria. <\/p>\n\n\n\n<p>Quer\u00edas estar en todo, tu cabeza\nmarchaba 200 a\u00f1os adelante y con un peculiar sentido del humor. Me sorprendiste\ncon tus conocimientos, consejos y lecturas. Trabajamos vertiginosamente, a mil\npor hora, para hacer realidad tus ideas. <\/p>\n\n\n\n<p>Los resultados deb\u00edan estar listos para\nya, sin tiempo que perder. A cada planta la regaste con amor, disfrutaste paso\npor paso, hasta los detalles m\u00ednimos, como cuando me dejaste una nota en mi\nescritorio que dec\u00eda: Hay una errata en las c\u00e9dulas; rev\u00edsenlas. <\/p>\n\n\n\n<p>Es cierto, tambi\u00e9n hubo dolores de\ncabeza y muchas veces te vi preocupado. Pero hoy, Francisco, el terreno luce\nverde y tus colores ocres han dado vida y alegr\u00eda a la cantera de Oaxaca.<\/p>\n\n\n\n<p>Tuve la fortuna de crecer junto a ti,\nhe podido observar tu proceder a lo largo de muchos a\u00f1os (la mitad de mi vida\npara ser precisa). Siempre actuaste en favor de tu comunidad. <\/p>\n\n\n\n<p>Te conoc\u00ed gracias a tu preocupaci\u00f3n por\nla magn\u00edfica colecci\u00f3n de libros antiguos de la Universidad Aut\u00f3noma Benito\nJu\u00e1rez de Oaxaca; quer\u00edas una exposici\u00f3n y luego la organizaci\u00f3n del acervo.\nAs\u00ed naci\u00f3 la Biblioteca Francisco de Burgoa. <\/p>\n\n\n\n<p>Fue entonces cuando iniciamos una\ncomplicidad que durar\u00e1 lo que me reste de vida. Recuerdo y lloro. Las palabras\nse me atragantan cuando llego a San Pablo y veo tus rejas, cuando encuentro tu\nreflejo en los vitrales y en la fuente de los sapos de la BS. <\/p>\n\n\n\n<p>Sonr\u00edo al ver a los ni\u00f1os corriendo\nbajo la sombra de la reja de los rehiletes del MIO, y la reja de la telara\u00f1a\ndel Archivo General del Estado me recuerda que hay que seguir adelante. <\/p>\n\n\n\n<p>Todav\u00eda recuerdo cuando Alfredo Harp y\nyo desayunamos contigo para pedirte el dise\u00f1o de la reja del nuevo estadio de\nlos Diablos Rojos, y esa misma tarde me mandaste fotos de los dibujos de tus\nlocuras. <\/p>\n\n\n\n<p>Hoy, esa reja se oxida en tono rojizo\ncomo si t\u00fa mismo la hubieras pincelado. Estas obras revelan tu cari\u00f1o, expresan\nnuestro profundo afecto. Y, s\u00ed, ni modo, otra vez mis ojos se nublan de\nl\u00e1grimas, porque tu ausencia me pesa, y tu presencia me hace sentir afortunada.<\/p>\n\n\n\n<p>Nadie puede poner en duda que Oaxaca es\notra, antes y despu\u00e9s de Toledo. Me sorprende que una persona haya logrado\nprovocar un cambio de tal dimensi\u00f3n. Si el hombre es capaz de destruir, t\u00fa\nconstruiste. <\/p>\n\n\n\n<p>Tus actos obedecen a una generosidad\nsin par, porque jam\u00e1s esperaste recompensa alguna. Celebro tu creatividad, no\ns\u00f3lo para reflejar la belleza en tu arte, sino para hacer del arte, la\nreflexi\u00f3n y la belleza la vida misma. <\/p>\n\n\n\n<p>As\u00ed ha sido la semilla de tu vida, nos\nconfirma que los milagros existen: t\u00fa, un humilde jardinero, lograste que la\ntierra se pintara de vida hasta convertirla en un ed\u00e9n.<\/p>\n\n\n\n<p>No, no entiendo la muerte. S\u00f3lo s\u00e9 que\nlos recuerdos que galopan en mi mente son la raz\u00f3n de saber cu\u00e1nto te quiero.<\/p>\n\n\n\n<p>Gracias Francisco Toledo.<\/p>\n\n\n\n<p>A Francisco Toledo, el jardinero que\nengrandeci\u00f3 su tierra con amor, a un mes de su partida.<\/p>\n\n\n\n<p>Palabras anudadas<\/p>\n\n\n\n<p>Coraz\u00f3n adolorido<\/p>\n\n\n\n<p>Recuerdos infinitos<\/p>\n\n\n\n<p>Con tu luz esperanzadora<\/p>\n\n\n\n<p>Y mi cari\u00f1o para siempre.<\/p>\n\n\n\n<p>(Publicado en el diario \u201cLa Jornada\u201d)<\/p>\n","protected":false},"excerpt":{"rendered":"<p>Mar\u00eda Isabel Gra\u00f1\u00e9n Porr\u00faa No s\u00e9 ni c\u00f3mo empezar. Las palabras se me hacen un&hellip;<\/p>\n","protected":false},"author":2,"featured_media":3996,"comment_status":"closed","ping_status":"open","sticky":false,"template":"","format":"standard","meta":{"_lmt_disableupdate":"","_lmt_disable":"","_jetpack_memberships_contains_paid_content":false,"footnotes":""},"categories":[109,46],"tags":[677,716],"class_list":["post-4611","post","type-post","status-publish","format-standard","has-post-thumbnail","hentry","category-minuto-a-minuto","category-zona-blanca","tag-francisco-toledo","tag-maria-isabel-granen-porrua"],"jetpack_featured_media_url":"https:\/\/zonaroja.com.mx\/wp-content\/uploads\/2019\/09\/IMG_6832.jpg","jetpack_sharing_enabled":true,"_links":{"self":[{"href":"https:\/\/zonaroja.com.mx\/index.php?rest_route=\/wp\/v2\/posts\/4611","targetHints":{"allow":["GET"]}}],"collection":[{"href":"https:\/\/zonaroja.com.mx\/index.php?rest_route=\/wp\/v2\/posts"}],"about":[{"href":"https:\/\/zonaroja.com.mx\/index.php?rest_route=\/wp\/v2\/types\/post"}],"author":[{"embeddable":true,"href":"https:\/\/zonaroja.com.mx\/index.php?rest_route=\/wp\/v2\/users\/2"}],"replies":[{"embeddable":true,"href":"https:\/\/zonaroja.com.mx\/index.php?rest_route=%2Fwp%2Fv2%2Fcomments&post=4611"}],"version-history":[{"count":1,"href":"https:\/\/zonaroja.com.mx\/index.php?rest_route=\/wp\/v2\/posts\/4611\/revisions"}],"predecessor-version":[{"id":4612,"href":"https:\/\/zonaroja.com.mx\/index.php?rest_route=\/wp\/v2\/posts\/4611\/revisions\/4612"}],"wp:featuredmedia":[{"embeddable":true,"href":"https:\/\/zonaroja.com.mx\/index.php?rest_route=\/wp\/v2\/media\/3996"}],"wp:attachment":[{"href":"https:\/\/zonaroja.com.mx\/index.php?rest_route=%2Fwp%2Fv2%2Fmedia&parent=4611"}],"wp:term":[{"taxonomy":"category","embeddable":true,"href":"https:\/\/zonaroja.com.mx\/index.php?rest_route=%2Fwp%2Fv2%2Fcategories&post=4611"},{"taxonomy":"post_tag","embeddable":true,"href":"https:\/\/zonaroja.com.mx\/index.php?rest_route=%2Fwp%2Fv2%2Ftags&post=4611"}],"curies":[{"name":"wp","href":"https:\/\/api.w.org\/{rel}","templated":true}]}}