{"id":46119,"date":"2022-09-22T22:04:53","date_gmt":"2022-09-23T03:04:53","guid":{"rendered":"http:\/\/www.zonaroja.com.mx\/?p=46119"},"modified":"2022-09-22T22:04:55","modified_gmt":"2022-09-23T03:04:55","slug":"muere-individuo-atacado-a-balazos-anoche-en-san-antonio-de-la-cal","status":"publish","type":"post","link":"https:\/\/zonaroja.com.mx\/?p=46119","title":{"rendered":"Muere individuo atacado a balazos anoche en San Antonio de la Cal"},"content":{"rendered":"\n<p>Redacci\u00f3n\/Zona Roja.<\/p>\n\n\n\n<p>Oaxaca de Ju\u00e1rez, Oax., a 22 de septiembre de 2022.- Un individuo que fue atacado a balazos anoche en San Antonio de la Cal, muri\u00f3 cuando recib\u00eda atenci\u00f3n hospitalaria. Con este caso suman 10 cr\u00edmenes registrados el mi\u00e9rcoles.<\/p>\n\n\n\n<p>El crimen se registr\u00f3 la noche de ayer mi\u00e9rcoles, en la calle calle 21 de Marzo, colonia Buenos Aires de dicho municipio ubicado al sur de la capital de Oaxaca.<\/p>\n\n\n\n<p>Sujetos armados arribaron a la zona, alrededor de las 22:00 horas y agredieron al individuo, que fue atendido por param\u00e9dicos y trasladado a un hospital, donde muri\u00f3.<\/p>\n\n\n\n<p>La v\u00edctima fue identificada como Germa\u00edn o Germ\u00e1n H. G., de aproximadamente 31 a\u00f1os de edad.&nbsp;<\/p>\n\n\n\n<p>Tras ello arribaron elementos de la Agencia Estatal de Investigaciones y peritos de la Fiscal\u00eda General del Estado; seg\u00fan los primeros reportes, hallaron en el sitio al menos dos casquillos percutidos, calibre 22.<\/p>\n\n\n\n<p>Apenas el pasado 15 de septiembre fue ultimado un individuo en San Antonio de la Cal, por parte de sujetos armados.<\/p>\n\n\n\n<p>Mientras que el d\u00eda 18, fueron atacados a balazos cuatro personas en el interior de un mototaxi, de las cuales dos murieron posteriormente en un hospital, entre ellas un menor de 14 a\u00f1os de edad.<\/p>\n","protected":false},"excerpt":{"rendered":"<p>Redacci\u00f3n\/Zona Roja. Oaxaca de Ju\u00e1rez, Oax., a 22 de septiembre de 2022.- Un individuo que&hellip;<\/p>\n","protected":false},"author":2,"featured_media":46120,"comment_status":"closed","ping_status":"open","sticky":false,"template":"","format":"standard","meta":{"_lmt_disableupdate":"","_lmt_disable":"","_jetpack_memberships_contains_paid_content":false,"footnotes":""},"categories":[109,51],"tags":[875],"class_list":["post-46119","post","type-post","status-publish","format-standard","has-post-thumbnail","hentry","category-minuto-a-minuto","category-zona-roja","tag-san-antonio-de-la-cal"],"jetpack_featured_media_url":"https:\/\/zonaroja.com.mx\/wp-content\/uploads\/2022\/09\/Asesinado-San-Antonio-de-la-Cal-21-sept.jpg","jetpack_sharing_enabled":true,"_links":{"self":[{"href":"https:\/\/zonaroja.com.mx\/index.php?rest_route=\/wp\/v2\/posts\/46119","targetHints":{"allow":["GET"]}}],"collection":[{"href":"https:\/\/zonaroja.com.mx\/index.php?rest_route=\/wp\/v2\/posts"}],"about":[{"href":"https:\/\/zonaroja.com.mx\/index.php?rest_route=\/wp\/v2\/types\/post"}],"author":[{"embeddable":true,"href":"https:\/\/zonaroja.com.mx\/index.php?rest_route=\/wp\/v2\/users\/2"}],"replies":[{"embeddable":true,"href":"https:\/\/zonaroja.com.mx\/index.php?rest_route=%2Fwp%2Fv2%2Fcomments&post=46119"}],"version-history":[{"count":1,"href":"https:\/\/zonaroja.com.mx\/index.php?rest_route=\/wp\/v2\/posts\/46119\/revisions"}],"predecessor-version":[{"id":46121,"href":"https:\/\/zonaroja.com.mx\/index.php?rest_route=\/wp\/v2\/posts\/46119\/revisions\/46121"}],"wp:featuredmedia":[{"embeddable":true,"href":"https:\/\/zonaroja.com.mx\/index.php?rest_route=\/wp\/v2\/media\/46120"}],"wp:attachment":[{"href":"https:\/\/zonaroja.com.mx\/index.php?rest_route=%2Fwp%2Fv2%2Fmedia&parent=46119"}],"wp:term":[{"taxonomy":"category","embeddable":true,"href":"https:\/\/zonaroja.com.mx\/index.php?rest_route=%2Fwp%2Fv2%2Fcategories&post=46119"},{"taxonomy":"post_tag","embeddable":true,"href":"https:\/\/zonaroja.com.mx\/index.php?rest_route=%2Fwp%2Fv2%2Ftags&post=46119"}],"curies":[{"name":"wp","href":"https:\/\/api.w.org\/{rel}","templated":true}]}}