{"id":46122,"date":"2022-09-22T22:20:21","date_gmt":"2022-09-23T03:20:21","guid":{"rendered":"http:\/\/www.zonaroja.com.mx\/?p=46122"},"modified":"2022-09-22T22:20:22","modified_gmt":"2022-09-23T03:20:22","slug":"denuncia-a-edil-de-colotepec-carmelo-cruz-por-agresiones-y-amenazas","status":"publish","type":"post","link":"https:\/\/zonaroja.com.mx\/?p=46122","title":{"rendered":"Denuncia a edil de Colotepec, Carmelo Cruz, por agresiones y amenazas"},"content":{"rendered":"\n<p>Redacci\u00f3n\/Zona Roja.<\/p>\n\n\n\n<p>Oaxaca de Ju\u00e1rez, Oax., a 22 de septiembre de 2022.- Por los delitos de abuso de autoridad, agresiones f\u00edsicas, violaci\u00f3n a derechos humanos, allanamiento de morada, violaci\u00f3n al debido&nbsp;proceso&nbsp;y lesiones f\u00edsicas, fue denunciado penalmente ante la&nbsp;Vicefiscal\u00eda&nbsp;Regional de Justicia, el presidente municipal de Santa Mar\u00eda Colotepec, Carmelo Cruz Mendoza, integrantes de su Cabildo y elementos de la polic\u00eda municipal.<\/p>\n\n\n\n<p>El&nbsp;empresario&nbsp;Germ\u00e1n Simancas Ib\u00e1\u00f1ez dijo en conferencia de prensa que los lamentables hechos se suscitaron la tarde de&nbsp;este&nbsp;mi\u00e9rcoles 21 de septiembre en un predio de punta Zicatela&nbsp;donde realizan una obra para la edificaci\u00f3n de un hotel.<\/p>\n\n\n\n<p>\u00abMientras estaba yo en mi centro de trabajo, sin una orden irrumpieron en el predio. Ellos no tienen la facultad para ingresar dentro de la propiedad privada y menos a actuar con violencia en contra de la ciudadan\u00eda\u00bb, se\u00f1al\u00f3 Germ\u00e1n Simancas.<\/p>\n\n\n\n<p>El ofendido asegur\u00f3 que minutos despu\u00e9s lleg\u00f3 el presidente municipal gritando palabras altisonantes y dando \u00f3rdenes de esposarlo no sin antes, Simancas Ib\u00e1\u00f1ez fue golpeado por la polic\u00eda municipal mientras los regidores y el edil, c\u00f3mo es su costumbre nada m\u00e1s miraban y gritaban que&nbsp;nadie pod\u00eda tomar videos.<\/p>\n\n\n\n<p>En videos que pudo grabar durante la agresi\u00f3n se ve el momento en que un polic\u00eda municipal lo intenta detener con violencia, sin mostrar alguna orden judicial que los facultara a ejercer la detenci\u00f3n.<\/p>\n\n\n\n<p>Durante el proceso de abuso de autoridad, ninguno de los trabajadores&nbsp;de la obra&nbsp;fue agredido,&nbsp;pero fueron amenazados de meterlos a la c\u00e1rcel si grababan con sus celulares; solamente golpearon a Germ\u00e1n Simancas Ib\u00e1\u00f1ez, quien dijo que tambi\u00e9n presentar\u00e1 su denuncia en la Comisi\u00f3n Nacional de los Derechos Humanos.<\/p>\n\n\n\n<p>El denunciante asegur\u00f3 que derivado de est\u00e1 agresiones presenta un derrame interno y se agudiz\u00f3 el problema de salud que desde hace tiempo viene padeciendo por un accidente que sufri\u00f3 hace tiempo.<\/p>\n\n\n\n<p>Enfatiz\u00f3 que conf\u00eda en la instancia impartidora de justicia y se lamenta que una autoridad municipal pase por alto las garant\u00edas individuales y el proceso de las instancias correspondientes, goleando y anteponiendo su propia ley escud\u00e1ndose de que Colotepec es un municipio de \u00abUsos y Costumbres\u00bb y ah\u00ed \u00abla ley vale madres\u00bb.&nbsp;<\/p>\n\n\n\n<p>Hasta ahora, Carmelo Cruz Mendoza no ha informado de manera oficial cu\u00e1les son las razones para agredir de esa manera a los inversionistas.<\/p>\n\n\n\n<p>Los agredidos hab\u00edan considerado realizar una manifestaci\u00f3n pac\u00edfica para que cesara el hostigamiento en su contra, frente al palacio municipal de Santa Mar\u00eda Colotepec, pero les advirtieron&nbsp;que&nbsp;si llegaban a la cabecera del pueblo, Carmelo Cruz los detendr\u00eda y los encerrar\u00eda en la c\u00e1rcel municipal, por lo que decidieron realizar la denuncia a trav\u00e9s de los medios de comunicaci\u00f3n, una vez que se cumpli\u00f3 con el procedimiento legan ante la Fiscal\u00eda General del Estado de Oaxaca.<\/p>\n","protected":false},"excerpt":{"rendered":"<p>Redacci\u00f3n\/Zona Roja. Oaxaca de Ju\u00e1rez, Oax., a 22 de septiembre de 2022.- Por los delitos&hellip;<\/p>\n","protected":false},"author":2,"featured_media":46123,"comment_status":"closed","ping_status":"open","sticky":false,"template":"","format":"standard","meta":{"_lmt_disableupdate":"","_lmt_disable":"","_jetpack_memberships_contains_paid_content":false,"footnotes":""},"categories":[109,47],"tags":[980],"class_list":["post-46122","post","type-post","status-publish","format-standard","has-post-thumbnail","hentry","category-minuto-a-minuto","category-zona-gris","tag-santa-maria-colotepec"],"jetpack_featured_media_url":"https:\/\/zonaroja.com.mx\/wp-content\/uploads\/2022\/09\/German-Simancas-Ibanez.jpg","jetpack_sharing_enabled":true,"_links":{"self":[{"href":"https:\/\/zonaroja.com.mx\/index.php?rest_route=\/wp\/v2\/posts\/46122","targetHints":{"allow":["GET"]}}],"collection":[{"href":"https:\/\/zonaroja.com.mx\/index.php?rest_route=\/wp\/v2\/posts"}],"about":[{"href":"https:\/\/zonaroja.com.mx\/index.php?rest_route=\/wp\/v2\/types\/post"}],"author":[{"embeddable":true,"href":"https:\/\/zonaroja.com.mx\/index.php?rest_route=\/wp\/v2\/users\/2"}],"replies":[{"embeddable":true,"href":"https:\/\/zonaroja.com.mx\/index.php?rest_route=%2Fwp%2Fv2%2Fcomments&post=46122"}],"version-history":[{"count":1,"href":"https:\/\/zonaroja.com.mx\/index.php?rest_route=\/wp\/v2\/posts\/46122\/revisions"}],"predecessor-version":[{"id":46124,"href":"https:\/\/zonaroja.com.mx\/index.php?rest_route=\/wp\/v2\/posts\/46122\/revisions\/46124"}],"wp:featuredmedia":[{"embeddable":true,"href":"https:\/\/zonaroja.com.mx\/index.php?rest_route=\/wp\/v2\/media\/46123"}],"wp:attachment":[{"href":"https:\/\/zonaroja.com.mx\/index.php?rest_route=%2Fwp%2Fv2%2Fmedia&parent=46122"}],"wp:term":[{"taxonomy":"category","embeddable":true,"href":"https:\/\/zonaroja.com.mx\/index.php?rest_route=%2Fwp%2Fv2%2Fcategories&post=46122"},{"taxonomy":"post_tag","embeddable":true,"href":"https:\/\/zonaroja.com.mx\/index.php?rest_route=%2Fwp%2Fv2%2Ftags&post=46122"}],"curies":[{"name":"wp","href":"https:\/\/api.w.org\/{rel}","templated":true}]}}