{"id":4613,"date":"2019-10-07T07:32:32","date_gmt":"2019-10-07T12:32:32","guid":{"rendered":"http:\/\/www.zonaroja.com.mx\/?p=4613"},"modified":"2019-10-07T07:32:35","modified_gmt":"2019-10-07T12:32:35","slug":"se-enoja-amlo-en-huajuapan-por-reclamo-de-falta-de-becas","status":"publish","type":"post","link":"https:\/\/zonaroja.com.mx\/?p=4613","title":{"rendered":"Se enoja AMLO en Huajuapan por reclamo de falta de becas"},"content":{"rendered":"\n<p>Redacci\u00f3n\/Zona\nRoja.<\/p>\n\n\n\n<p>Oaxaca\nde Ju\u00e1rez, Oax., 7 de octubre de 2019.- \u201cNo hay llegado las becas! \u00a1No han\nllegado!\u201d, fueron parte de los reclamos al Presidente de M\u00e9xico, Andr\u00e9s Manuel\nL\u00f3pez Obrador, durante su gira por Huajuapan de Le\u00f3n, ayer por la tarde.<\/p>\n\n\n\n<p>La\ndelegada de los Programas Bienestar, Nancy Ortiz Cabrera, se sonroj\u00f3 y se\nlimit\u00f3 a comentar al o\u00eddo al mandatario que est\u00e1n en tr\u00e1mite los apoyos.<\/p>\n\n\n\n<p>\u00abYa van a llegar, la justicia tarda pero llega\u00bb, \u00abaqu\u00ed traigo mis datos\u00bb, dijo, para agregar que \u00abvan a llegar, me canso ganso\u00bb. <\/p>\n\n\n\n<figure class=\"wp-block-embed-twitter wp-block-embed is-type-rich is-provider-twitter\"><div class=\"wp-block-embed__wrapper\">\n<div class=\"twitter-tweet\"><blockquote class=\"twitter-tweet\" data-lang=\"es\"><p lang=\"es\" dir=\"ltr\">Inicia el acto en el IMSS de Huajuapan de Le\u00f3n con el Presidente <a href=\"https:\/\/twitter.com\/lopezobrador_?ref_src=twsrc%5Etfw\">@lopezobrador_<\/a>; durante su intervenci\u00f3n, abuchean al gobernador <a href=\"https:\/\/twitter.com\/alejandromurat?ref_src=twsrc%5Etfw\">@alejandromurat<\/a>. <a href=\"https:\/\/t.co\/oQA8WQ9gi8\">pic.twitter.com\/oQA8WQ9gi8<\/a><\/p>&mdash; Zona Roja Oaxaca (@MexRoja) <a href=\"https:\/\/twitter.com\/MexRoja\/status\/1180950447684800515?ref_src=twsrc%5Etfw\">6 de octubre de 2019<\/a><\/blockquote><\/div>\n<\/div><\/figure>\n\n\n\n<p>La\ninsistencia de los asistentes en negar su distribuci\u00f3n provoc\u00f3 la respuesta\npresidencial, y ya un tanto molesto lanz\u00f3: \u00abcomo no han llegado, ustedes\ncreen que me dejo enga\u00f1ar, dos mil 506 estudiantes. Me canso ganso\u00bb<\/p>\n\n\n\n<p>\u00ab\u00bfNo\nllega? Mil 176 j\u00f3venes construyendo el futuro. No es lo mismo que antes, no nos\nconfundan. Vamos respet\u00e1ndonos. Lo digo cari\u00f1osamente: No confundan la pol\u00edtica\ncon la politiquer\u00eda, no se gana nada con eso, ya tiene, ya chole. Si cae mal\nuna autoridad ah\u00ed est\u00e1n cuestionando y cuestionando a la autoridad. Vamos a\ndejar a un lado los pleitos\u00bb, remarc\u00f3.<\/p>\n\n\n\n<p>Ante el gobernador Alejandro Murat Hinojosa, Lopez Obrador anunci\u00f3 la construcci\u00f3n de un hospital en Huajuapan, tras un fallo de la Suprema Corte de Justicia de la Naci\u00f3n, la reestructuraci\u00f3n del sector salud y garantiz\u00f3 el oportuno suministro de medicinas, advirtiendo a las empresas farmac\u00e9uticas que no pretendan jugar a las vencidas con el gobierno, porque se van a asegurar que haya medicinas aunque se tengan que traer del extranjero.<\/p>\n\n\n\n<figure class=\"wp-block-embed-twitter wp-block-embed is-type-rich is-provider-twitter\"><div class=\"wp-block-embed__wrapper\">\n<div class=\"twitter-tweet\"><blockquote class=\"twitter-tweet\" data-lang=\"es\"><p lang=\"es\" dir=\"ltr\">En Huajuapan de Le\u00f3n, tambi\u00e9n esperan con protestas al Presidente <a href=\"https:\/\/twitter.com\/lopezobrador_?ref_src=twsrc%5Etfw\">@lopezobrador_<\/a> y al gobernador <a href=\"https:\/\/twitter.com\/alejandromurat?ref_src=twsrc%5Etfw\">@alejandromurat<\/a>; ahora por parte de pobladores de Yucuquimi de Ocampo. <a href=\"https:\/\/t.co\/Onzgm9y5ff\">pic.twitter.com\/Onzgm9y5ff<\/a><\/p>&mdash; Zona Roja Oaxaca (@MexRoja) <a href=\"https:\/\/twitter.com\/MexRoja\/status\/1180941887584251904?ref_src=twsrc%5Etfw\">6 de octubre de 2019<\/a><\/blockquote><\/div>\n<\/div><\/figure>\n\n\n\n<p>A\nlo largo de la gira de trabajo, primero en Santiago Juxtlahuaca, y despu\u00e9s en\nHuajuapan de Le\u00f3n, el mandatario mexicano y el gobernador fueron recibidos con\ngritos, cartulinas y pancartas de reclamos por distintos casos, entre ellos\nfalta de obras, exigencias de justicia y denuncias.<\/p>\n","protected":false},"excerpt":{"rendered":"<p>Redacci\u00f3n\/Zona Roja. Oaxaca de Ju\u00e1rez, Oax., 7 de octubre de 2019.- \u201cNo hay llegado las&hellip;<\/p>\n","protected":false},"author":2,"featured_media":4614,"comment_status":"closed","ping_status":"open","sticky":false,"template":"","format":"standard","meta":{"_lmt_disableupdate":"","_lmt_disable":"","_jetpack_memberships_contains_paid_content":false,"footnotes":""},"categories":[109,47],"tags":[143,594],"class_list":["post-4613","post","type-post","status-publish","format-standard","has-post-thumbnail","hentry","category-minuto-a-minuto","category-zona-gris","tag-andres-manuel-lopez-obrador","tag-huajuapan-de-leon"],"jetpack_featured_media_url":"https:\/\/zonaroja.com.mx\/wp-content\/uploads\/2019\/10\/IMG_5655.jpg","jetpack_sharing_enabled":true,"_links":{"self":[{"href":"https:\/\/zonaroja.com.mx\/index.php?rest_route=\/wp\/v2\/posts\/4613","targetHints":{"allow":["GET"]}}],"collection":[{"href":"https:\/\/zonaroja.com.mx\/index.php?rest_route=\/wp\/v2\/posts"}],"about":[{"href":"https:\/\/zonaroja.com.mx\/index.php?rest_route=\/wp\/v2\/types\/post"}],"author":[{"embeddable":true,"href":"https:\/\/zonaroja.com.mx\/index.php?rest_route=\/wp\/v2\/users\/2"}],"replies":[{"embeddable":true,"href":"https:\/\/zonaroja.com.mx\/index.php?rest_route=%2Fwp%2Fv2%2Fcomments&post=4613"}],"version-history":[{"count":1,"href":"https:\/\/zonaroja.com.mx\/index.php?rest_route=\/wp\/v2\/posts\/4613\/revisions"}],"predecessor-version":[{"id":4615,"href":"https:\/\/zonaroja.com.mx\/index.php?rest_route=\/wp\/v2\/posts\/4613\/revisions\/4615"}],"wp:featuredmedia":[{"embeddable":true,"href":"https:\/\/zonaroja.com.mx\/index.php?rest_route=\/wp\/v2\/media\/4614"}],"wp:attachment":[{"href":"https:\/\/zonaroja.com.mx\/index.php?rest_route=%2Fwp%2Fv2%2Fmedia&parent=4613"}],"wp:term":[{"taxonomy":"category","embeddable":true,"href":"https:\/\/zonaroja.com.mx\/index.php?rest_route=%2Fwp%2Fv2%2Fcategories&post=4613"},{"taxonomy":"post_tag","embeddable":true,"href":"https:\/\/zonaroja.com.mx\/index.php?rest_route=%2Fwp%2Fv2%2Ftags&post=4613"}],"curies":[{"name":"wp","href":"https:\/\/api.w.org\/{rel}","templated":true}]}}