{"id":46130,"date":"2022-09-23T09:42:00","date_gmt":"2022-09-23T14:42:00","guid":{"rendered":"http:\/\/www.zonaroja.com.mx\/?p=46130"},"modified":"2022-09-23T06:45:11","modified_gmt":"2022-09-23T11:45:11","slug":"valida-el-ieepco-cinco-elecciones-por-sistemas-normativos-indigenas","status":"publish","type":"post","link":"https:\/\/zonaroja.com.mx\/?p=46130","title":{"rendered":"Valida el IEEPCO cinco elecciones por Sistemas Normativos Ind\u00edgenas"},"content":{"rendered":"\n<p>Redacci\u00f3n\/Zona Roja.<\/p>\n\n\n\n<p>Oaxaca de Ju\u00e1rez, Oax., a 23 de septiembre de 2022.- El Consejo General del Instituto Estatal Electoral y de Participaci\u00f3n Ciudadana de Oaxaca (IEEPCO) valid\u00f3 los nombramientos de autoridades en cinco municipios que se rigen por Sistemas Normativos Ind\u00edgenas (SNI).&nbsp;<\/p>\n\n\n\n<p>En sesi\u00f3n extraordinaria urgente -por unanimidad de votos- se avalaron las elecciones ordinarias de las concejal\u00edas en los ayuntamientos de San Jos\u00e9 del Pe\u00f1asco, Santa Cruz Nundaco, San Miguel Amatl\u00e1n y Santa Mar\u00eda Yolotepec.&nbsp;<\/p>\n\n\n\n<p>Fue la consejera electoral, Nayma Enr\u00edquez Estrada, quien hizo un reconocimiento p\u00fablico a las comunidades que impulsaron transformaciones estructurales al interior de sus asambleas para garantizar la paridad.&nbsp;<\/p>\n\n\n\n<p>Mientras que la consejera electoral Zaira Alhel\u00ed Hip\u00f3lito L\u00f3pez se uni\u00f3 al reconocimiento y agradecimiento a las mujeres que encabezar\u00e1n el liderazgo de sus comunidades el pr\u00f3ximo a\u00f1o.&nbsp;<\/p>\n\n\n\n<p>El Consejo General tambi\u00e9n discuti\u00f3 de forma particular el acuerdo IEEPCO-CG-SNI\u201050\/2022 respecto a la elecci\u00f3n ordinaria en San Juan Evangelista Analco, cuya asamblea y nombramientos de autoridades respectivos se aval\u00f3 con cinco votos a favor y dos votos diferenciados.&nbsp;<\/p>\n\n\n\n<p>Fueron la consejera electoral, Jessica Jazibe Hern\u00e1ndez Garc\u00eda, y el consejero electoral, Wilfrido Lulio Almaraz Santib\u00e1\u00f1ez, quienes manifestaron su voto diferenciado al acuerdo toda vez que coincidieron no cumple con el principio de paridad.&nbsp;<\/p>\n\n\n\n<p>Sin embargo, las consejeras electorales Carmelita Sibaja Ochoa, Nayma Enr\u00edquez Estrada y Zaira Alhel\u00ed Hip\u00f3lito L\u00f3pez, defendieron los avances logrados al interior de la comunidad que, durante su segundo periodo de gobierno, tendr\u00e1 una mujer al frente de la presidencia municipal.&nbsp;<\/p>\n\n\n\n<p>Finalmente, y por unanimidad de votos, se calific\u00f3 como jur\u00eddicamente v\u00e1lida la decisi\u00f3n de Terminaci\u00f3n Anticipada de Mandato de la concejal\u00eda propietaria de la Presidencia y la Sindicatura del municipio de La Reforma, que electoralmente se rige por Sistemas Normativos Ind\u00edgenas.&nbsp;<\/p>\n","protected":false},"excerpt":{"rendered":"<p>Redacci\u00f3n\/Zona Roja. Oaxaca de Ju\u00e1rez, Oax., a 23 de septiembre de 2022.- El Consejo General&hellip;<\/p>\n","protected":false},"author":2,"featured_media":37012,"comment_status":"closed","ping_status":"open","sticky":false,"template":"","format":"standard","meta":{"_lmt_disableupdate":"","_lmt_disable":"","_jetpack_memberships_contains_paid_content":false,"footnotes":""},"categories":[109,46],"tags":[2932],"class_list":["post-46130","post","type-post","status-publish","format-standard","has-post-thumbnail","hentry","category-minuto-a-minuto","category-zona-blanca","tag-instituto-estatal-electoral-y-de-participacion-ciudadana-de-oaxaca-ieepco"],"jetpack_featured_media_url":"https:\/\/zonaroja.com.mx\/wp-content\/uploads\/2022\/01\/IEEPCO-Instituto-Estatal-Electoral-Oaxaca.jpg","jetpack_sharing_enabled":true,"_links":{"self":[{"href":"https:\/\/zonaroja.com.mx\/index.php?rest_route=\/wp\/v2\/posts\/46130","targetHints":{"allow":["GET"]}}],"collection":[{"href":"https:\/\/zonaroja.com.mx\/index.php?rest_route=\/wp\/v2\/posts"}],"about":[{"href":"https:\/\/zonaroja.com.mx\/index.php?rest_route=\/wp\/v2\/types\/post"}],"author":[{"embeddable":true,"href":"https:\/\/zonaroja.com.mx\/index.php?rest_route=\/wp\/v2\/users\/2"}],"replies":[{"embeddable":true,"href":"https:\/\/zonaroja.com.mx\/index.php?rest_route=%2Fwp%2Fv2%2Fcomments&post=46130"}],"version-history":[{"count":1,"href":"https:\/\/zonaroja.com.mx\/index.php?rest_route=\/wp\/v2\/posts\/46130\/revisions"}],"predecessor-version":[{"id":46131,"href":"https:\/\/zonaroja.com.mx\/index.php?rest_route=\/wp\/v2\/posts\/46130\/revisions\/46131"}],"wp:featuredmedia":[{"embeddable":true,"href":"https:\/\/zonaroja.com.mx\/index.php?rest_route=\/wp\/v2\/media\/37012"}],"wp:attachment":[{"href":"https:\/\/zonaroja.com.mx\/index.php?rest_route=%2Fwp%2Fv2%2Fmedia&parent=46130"}],"wp:term":[{"taxonomy":"category","embeddable":true,"href":"https:\/\/zonaroja.com.mx\/index.php?rest_route=%2Fwp%2Fv2%2Fcategories&post=46130"},{"taxonomy":"post_tag","embeddable":true,"href":"https:\/\/zonaroja.com.mx\/index.php?rest_route=%2Fwp%2Fv2%2Ftags&post=46130"}],"curies":[{"name":"wp","href":"https:\/\/api.w.org\/{rel}","templated":true}]}}