{"id":46132,"date":"2022-09-23T06:50:35","date_gmt":"2022-09-23T11:50:35","guid":{"rendered":"http:\/\/www.zonaroja.com.mx\/?p=46132"},"modified":"2022-09-23T06:50:36","modified_gmt":"2022-09-23T11:50:36","slug":"invita-poder-judicial-del-estado-a-la-semana-de-la-mediacion","status":"publish","type":"post","link":"https:\/\/zonaroja.com.mx\/?p=46132","title":{"rendered":"Invita Poder Judicial del Estado a la Semana de la Mediaci\u00f3n"},"content":{"rendered":"\n<p>Redacci\u00f3n\/Zona Roja.&nbsp;<\/p>\n\n\n\n<p>Oaxaca de Ju\u00e1rez, Oax., a 23 de septiembre de 2022.- El Poder Judicial del Estado&nbsp;de Oaxaca,&nbsp;a trav\u00e9s del Centro de Justicia Alternativa&nbsp;y en colaboraci\u00f3n con&nbsp;la Asociaci\u00f3n para la Resoluci\u00f3n de Conflictos, ARCO, A. C.,&nbsp;realizar\u00e1 del&nbsp;27 al 29 de septiembre&nbsp;pr\u00f3ximo, la Semana de la Mediaci\u00f3n, en la cual reconocidos especialistas a nivel nacional&nbsp;e internacional,&nbsp;impartir\u00e1n conferencias magistrales, conversatorios&nbsp;y&nbsp;talleres,&nbsp;en las modalidades presencial y en l\u00ednea.&nbsp;<\/p>\n\n\n\n<p>El objetivo es&nbsp;difundir entre&nbsp;las y&nbsp;los operadores de justicia, abogados postulantes, comunidad acad\u00e9mica&nbsp;y sociedad&nbsp;en general, los beneficios y alcances&nbsp;de los mecanismos alternativos&nbsp;de soluci\u00f3n de conflictos; as\u00ed como&nbsp;fortalecer la&nbsp;actualizaci\u00f3n de facilitadores de la materia,&nbsp;como se encuentra previsto en&nbsp;la Ley de Mecanismos Alternativos para la Soluci\u00f3n de Controversias.<\/p>\n\n\n\n<p>Entre los temas que se abordar\u00e1n&nbsp;como parte de la actividad organizada en el marco de los 20 a\u00f1os del Centro de Justicia Alternativa,&nbsp;se encuentran \u201cLa relevancia de los elementos del conflicto en los nuevos modelos de la mediaci\u00f3n\u201d, con el doctor Jorge Pesqueira Leal, director del Instituto de Mediaci\u00f3n de M\u00e9xico y \u201cLa Justicia Restaurativa y sus \u00e1mbitos de aplicaci\u00f3n\u201d, a cargo de la maestra Mar\u00eda Antonieta Maltos Rodr\u00edguez, directora general del Instituto Internacional de Justicia Restaurativa y Derecho.&nbsp;<\/p>\n\n\n\n<p>Asimismo, \u201cAlcance Jur\u00eddico de los Convenios de Mediaci\u00f3n en Materia Civil\u201d, con el doctor Santiago Ignacio Quiroz Villarreal, presidente ejecutivo del Colegio Internacional de Facilitadores MEDIARE; \u201cLa participaci\u00f3n de los abogados en los MASC\u201d,&nbsp;con el maestro&nbsp;C\u00e9sar P\u00e9rez Rojas y \u201cResoluci\u00f3n Electr\u00f3nica de Disputas\u201d, con la intervenci\u00f3n de la doctora Amanda Mar\u00eda Arley Ordu\u00f1a, pionera en investigaciones y desarrollos de&nbsp;resoluci\u00f3n electr\u00f3nica de disputas.<\/p>\n\n\n\n<p>Tambi\u00e9n se realizar\u00e1 el conversatorio \u201cDialoguemos en Familia. El arte de resolver conflictos en la Justicia Alternativa\u201d, la presentaci\u00f3n de un libro y los talleres en mediaci\u00f3n familiar, redacci\u00f3n de convenios, herramientas de mediaci\u00f3n y mediaci\u00f3n en l\u00ednea&nbsp;(ODR por sus siglas en ingl\u00e9s). El programa completo,&nbsp;el esquema del registro&nbsp;para constancia de participaci\u00f3n&nbsp;y las sedes de cada actividad,&nbsp;se&nbsp;puede consultar en las redes sociales del Poder Judicial del Estado.&nbsp;<\/p>\n","protected":false},"excerpt":{"rendered":"<p>Redacci\u00f3n\/Zona Roja.&nbsp; Oaxaca de Ju\u00e1rez, Oax., a 23 de septiembre de 2022.- El Poder Judicial&hellip;<\/p>\n","protected":false},"author":2,"featured_media":39356,"comment_status":"closed","ping_status":"open","sticky":false,"template":"","format":"standard","meta":{"_lmt_disableupdate":"","_lmt_disable":"","_jetpack_memberships_contains_paid_content":false,"footnotes":""},"categories":[109,46],"tags":[223],"class_list":["post-46132","post","type-post","status-publish","format-standard","has-post-thumbnail","hentry","category-minuto-a-minuto","category-zona-blanca","tag-poder-judicial-de-oaxaca"],"jetpack_featured_media_url":"https:\/\/zonaroja.com.mx\/wp-content\/uploads\/2022\/03\/Mediacion-Judicial-Poder-Tribunal.webp","jetpack_sharing_enabled":true,"_links":{"self":[{"href":"https:\/\/zonaroja.com.mx\/index.php?rest_route=\/wp\/v2\/posts\/46132","targetHints":{"allow":["GET"]}}],"collection":[{"href":"https:\/\/zonaroja.com.mx\/index.php?rest_route=\/wp\/v2\/posts"}],"about":[{"href":"https:\/\/zonaroja.com.mx\/index.php?rest_route=\/wp\/v2\/types\/post"}],"author":[{"embeddable":true,"href":"https:\/\/zonaroja.com.mx\/index.php?rest_route=\/wp\/v2\/users\/2"}],"replies":[{"embeddable":true,"href":"https:\/\/zonaroja.com.mx\/index.php?rest_route=%2Fwp%2Fv2%2Fcomments&post=46132"}],"version-history":[{"count":1,"href":"https:\/\/zonaroja.com.mx\/index.php?rest_route=\/wp\/v2\/posts\/46132\/revisions"}],"predecessor-version":[{"id":46133,"href":"https:\/\/zonaroja.com.mx\/index.php?rest_route=\/wp\/v2\/posts\/46132\/revisions\/46133"}],"wp:featuredmedia":[{"embeddable":true,"href":"https:\/\/zonaroja.com.mx\/index.php?rest_route=\/wp\/v2\/media\/39356"}],"wp:attachment":[{"href":"https:\/\/zonaroja.com.mx\/index.php?rest_route=%2Fwp%2Fv2%2Fmedia&parent=46132"}],"wp:term":[{"taxonomy":"category","embeddable":true,"href":"https:\/\/zonaroja.com.mx\/index.php?rest_route=%2Fwp%2Fv2%2Fcategories&post=46132"},{"taxonomy":"post_tag","embeddable":true,"href":"https:\/\/zonaroja.com.mx\/index.php?rest_route=%2Fwp%2Fv2%2Ftags&post=46132"}],"curies":[{"name":"wp","href":"https:\/\/api.w.org\/{rel}","templated":true}]}}