{"id":46134,"date":"2022-09-23T07:46:48","date_gmt":"2022-09-23T12:46:48","guid":{"rendered":"http:\/\/www.zonaroja.com.mx\/?p=46134"},"modified":"2022-09-23T07:46:49","modified_gmt":"2022-09-23T12:46:49","slug":"detienen-en-el-istmo-a-ex-policia-por-homicidio-calificado","status":"publish","type":"post","link":"https:\/\/zonaroja.com.mx\/?p=46134","title":{"rendered":"Detienen en el Istmo a ex polic\u00eda por homicidio calificado&nbsp;"},"content":{"rendered":"\n<p>Redacci\u00f3n\/Zona Roja.<\/p>\n\n\n\n<p>Oaxaca de Ju\u00e1rez, Oax., a 23 de septiembre de 2022.- Un ex integrante de la Unidad Policial de Operaciones Especiales (UPOE) fue detenido el pasado martes en Juchit\u00e1n de Zaragoza, acusado del delito de homicidio.<\/p>\n\n\n\n<p>Se trata de Alberto L. T., alias \u201cEl Chebeto\u201d, quien est\u00e1 se\u00f1alado de asesinar a tres personas del sexo femenino, el pasado 2 de febrero de este a\u00f1o.<\/p>\n\n\n\n<p>Fue aprehendido el pasado 20 de septiembre en inmediaciones de una unidad deportiva ubicada en la S\u00e9ptima Secci\u00f3n y presuntamente contaba con protecci\u00f3n policial para no ser detenido.<\/p>\n\n\n\n<p>De acuerdo con informes oficiales, el 2 de febrero de este a\u00f1o por la tarde, junto con otros individuos lleg\u00f3 a un domicilio de la Novena Secci\u00f3n a bordo de una camioneta marca Ford, tipo Explorer, y masacr\u00f3 a integrantes de una familia.<\/p>\n\n\n\n<p>Seg\u00fan las primeras indagatorias de la Agencia Estatal de Investigaciones, dependiente de la Fiscal\u00eda General del Estado de Oaxaca, forma parte de un probable grupo delictivo conocido como los \u201cEx UPOE\u201d, que operaba secuestros, extorsiones, transporte de migrantes, robos y ejecuciones.<\/p>\n\n\n\n<p>La Fiscal\u00eda General no ha emitido comunicaci\u00f3n oficial respecto a esta detenci\u00f3n.<\/p>\n\n\n\n<p>La Unidad Policial de Operaciones Especiales, de la Polic\u00eda Estatal de Oaxaca, fue formada hace m\u00e1s de una d\u00e9cada por el actual secretario Ejecutivo del Sistema Estatal de Seguridad P\u00fablica, Jos\u00e9 Manuel Vera Salinas.<\/p>\n","protected":false},"excerpt":{"rendered":"<p>Redacci\u00f3n\/Zona Roja. Oaxaca de Ju\u00e1rez, Oax., a 23 de septiembre de 2022.- Un ex integrante&hellip;<\/p>\n","protected":false},"author":2,"featured_media":46135,"comment_status":"closed","ping_status":"open","sticky":false,"template":"","format":"standard","meta":{"_lmt_disableupdate":"","_lmt_disable":"","_jetpack_memberships_contains_paid_content":false,"footnotes":""},"categories":[109,47],"tags":[],"class_list":["post-46134","post","type-post","status-publish","format-standard","has-post-thumbnail","hentry","category-minuto-a-minuto","category-zona-gris"],"jetpack_featured_media_url":"https:\/\/zonaroja.com.mx\/wp-content\/uploads\/2022\/09\/Ex-UPOE-detenido-en-Istmo.jpg","jetpack_sharing_enabled":true,"_links":{"self":[{"href":"https:\/\/zonaroja.com.mx\/index.php?rest_route=\/wp\/v2\/posts\/46134","targetHints":{"allow":["GET"]}}],"collection":[{"href":"https:\/\/zonaroja.com.mx\/index.php?rest_route=\/wp\/v2\/posts"}],"about":[{"href":"https:\/\/zonaroja.com.mx\/index.php?rest_route=\/wp\/v2\/types\/post"}],"author":[{"embeddable":true,"href":"https:\/\/zonaroja.com.mx\/index.php?rest_route=\/wp\/v2\/users\/2"}],"replies":[{"embeddable":true,"href":"https:\/\/zonaroja.com.mx\/index.php?rest_route=%2Fwp%2Fv2%2Fcomments&post=46134"}],"version-history":[{"count":1,"href":"https:\/\/zonaroja.com.mx\/index.php?rest_route=\/wp\/v2\/posts\/46134\/revisions"}],"predecessor-version":[{"id":46136,"href":"https:\/\/zonaroja.com.mx\/index.php?rest_route=\/wp\/v2\/posts\/46134\/revisions\/46136"}],"wp:featuredmedia":[{"embeddable":true,"href":"https:\/\/zonaroja.com.mx\/index.php?rest_route=\/wp\/v2\/media\/46135"}],"wp:attachment":[{"href":"https:\/\/zonaroja.com.mx\/index.php?rest_route=%2Fwp%2Fv2%2Fmedia&parent=46134"}],"wp:term":[{"taxonomy":"category","embeddable":true,"href":"https:\/\/zonaroja.com.mx\/index.php?rest_route=%2Fwp%2Fv2%2Fcategories&post=46134"},{"taxonomy":"post_tag","embeddable":true,"href":"https:\/\/zonaroja.com.mx\/index.php?rest_route=%2Fwp%2Fv2%2Ftags&post=46134"}],"curies":[{"name":"wp","href":"https:\/\/api.w.org\/{rel}","templated":true}]}}