{"id":46137,"date":"2022-09-23T08:10:30","date_gmt":"2022-09-23T13:10:30","guid":{"rendered":"http:\/\/www.zonaroja.com.mx\/?p=46137"},"modified":"2022-09-23T08:10:32","modified_gmt":"2022-09-23T13:10:32","slug":"a-dos-semanas-no-hay-plan-emergente-para-problema-de-basura-en-oaxaca","status":"publish","type":"post","link":"https:\/\/zonaroja.com.mx\/?p=46137","title":{"rendered":"A dos semanas, no hay plan emergente para problema de basura en Oaxaca"},"content":{"rendered":"\n<p>Ismael Garc\u00eda M.\/Zona Roja.<\/p>\n\n\n\n<p>Oaxaca de Ju\u00e1rez, Oax., a 23 de septiembre de 2022.- A dos semanas de vencerse el plazo para que el municipio de Oaxaca de Ju\u00e1rez siga usando el tiradero de basura ubicado en la Villa de Zaachila, en el ayuntamiento capitalino a\u00fan no hay plan alterno ni dinero.<\/p>\n\n\n\n<p>\u201cSe tiene ya ubicado por lo menos dos predios para esos efectos, sin embargo, hasta el d\u00eda de hoy, por el tema de los recursos econ\u00f3micos no se ha concretado la operaci\u00f3n de alguna de esas dos opciones que tenemos\u201d, dijo el regidor Ismael Cruz Gayt\u00e1n, quien funge como encargado de Despacho, ante la ausencia del edil Francisco Mart\u00ednez Neri, desde ayer.<\/p>\n\n\n\n<p>En entrevista, inform\u00f3 que uno de los predios est\u00e1 en la zona de Etla y otro en Zimatl\u00e1n; \u201cno es f\u00e1cil, porque estamos hablando de millones de pesos, no de cinco ni de diez, sino necesitamos por lo menos entre 60 y 80 millones de pesos para resolver de fondo el problema\u201d, acot\u00f3.<\/p>\n\n\n\n<p>El monto comprende la compra del terreno, maquinaria, equipos computadores, entre otros.<\/p>\n\n\n\n<p>El 8 de octubre se cerrar\u00eda el acceso al tiradero de basura a la ciudad de Oaxaca y otros cuatro municipio de la zona metropolitana y a\u00fan no hay plan alterno:<\/p>\n\n\n\n<p>\u201cVamos a tener que recurrir al di\u00e1logo, a la sensibilidad de los pobladores de ese sector, obviamente contando con el apoyo del Gobierno del Estado, para se pueda dar una ampliaci\u00f3n del plazo.<\/p>\n\n\n\n<p>\u201cPorque es imposible para que en dos semanas ya podamos tener resuelta esa situaci\u00f3n; indiscutiblemente recurrir\u00edamos a la comprensi\u00f3n de los pobladores (de Zaachila) para que pudiera ampliarse el plazo y podamos seguir tirando los residuos s\u00f3lidos en ese terreno\u201d, dijo.<\/p>\n\n\n\n<p>-Del tema de los desechos de particulares en las riberas del r\u00edo \u201cAtoyac\u201d, qu\u00e9 acciones han tomado.<\/p>\n\n\n\n<p>-No pues esa acci\u00f3n el Cabildo no la avala; no hay consentimiento por parte del ayuntamiento; nunca se les propuso como una opci\u00f3n y obviamente est\u00e1n incurriendo en una anomal\u00eda, en que tanto el ayuntamiento como la autoridad federal deben tomar cartas en el asunto.<\/p>\n","protected":false},"excerpt":{"rendered":"<p>Ismael Garc\u00eda M.\/Zona Roja. Oaxaca de Ju\u00e1rez, Oax., a 23 de septiembre de 2022.- A&hellip;<\/p>\n","protected":false},"author":2,"featured_media":46138,"comment_status":"closed","ping_status":"open","sticky":false,"template":"","format":"standard","meta":{"_lmt_disableupdate":"","_lmt_disable":"","_jetpack_memberships_contains_paid_content":false,"footnotes":""},"categories":[109,47],"tags":[3095],"class_list":["post-46137","post","type-post","status-publish","format-standard","has-post-thumbnail","hentry","category-minuto-a-minuto","category-zona-gris","tag-oaxaca-de-ju"],"jetpack_featured_media_url":"https:\/\/zonaroja.com.mx\/wp-content\/uploads\/2022\/09\/Ismael-Cruz-Gaytan-regidor.jpg","jetpack_sharing_enabled":true,"_links":{"self":[{"href":"https:\/\/zonaroja.com.mx\/index.php?rest_route=\/wp\/v2\/posts\/46137","targetHints":{"allow":["GET"]}}],"collection":[{"href":"https:\/\/zonaroja.com.mx\/index.php?rest_route=\/wp\/v2\/posts"}],"about":[{"href":"https:\/\/zonaroja.com.mx\/index.php?rest_route=\/wp\/v2\/types\/post"}],"author":[{"embeddable":true,"href":"https:\/\/zonaroja.com.mx\/index.php?rest_route=\/wp\/v2\/users\/2"}],"replies":[{"embeddable":true,"href":"https:\/\/zonaroja.com.mx\/index.php?rest_route=%2Fwp%2Fv2%2Fcomments&post=46137"}],"version-history":[{"count":1,"href":"https:\/\/zonaroja.com.mx\/index.php?rest_route=\/wp\/v2\/posts\/46137\/revisions"}],"predecessor-version":[{"id":46139,"href":"https:\/\/zonaroja.com.mx\/index.php?rest_route=\/wp\/v2\/posts\/46137\/revisions\/46139"}],"wp:featuredmedia":[{"embeddable":true,"href":"https:\/\/zonaroja.com.mx\/index.php?rest_route=\/wp\/v2\/media\/46138"}],"wp:attachment":[{"href":"https:\/\/zonaroja.com.mx\/index.php?rest_route=%2Fwp%2Fv2%2Fmedia&parent=46137"}],"wp:term":[{"taxonomy":"category","embeddable":true,"href":"https:\/\/zonaroja.com.mx\/index.php?rest_route=%2Fwp%2Fv2%2Fcategories&post=46137"},{"taxonomy":"post_tag","embeddable":true,"href":"https:\/\/zonaroja.com.mx\/index.php?rest_route=%2Fwp%2Fv2%2Ftags&post=46137"}],"curies":[{"name":"wp","href":"https:\/\/api.w.org\/{rel}","templated":true}]}}