{"id":46140,"date":"2022-09-23T10:24:00","date_gmt":"2022-09-23T15:24:00","guid":{"rendered":"http:\/\/www.zonaroja.com.mx\/?p=46140"},"modified":"2022-09-23T08:25:16","modified_gmt":"2022-09-23T13:25:16","slug":"el-pri-se-uniria-a-la-4t-para-dejar-al-ejercito-en-las-calles-hasta-2028","status":"publish","type":"post","link":"https:\/\/zonaroja.com.mx\/?p=46140","title":{"rendered":"El PRI se unir\u00eda a la 4T para dejar al Ej\u00e9rcito en las calles hasta 2028"},"content":{"rendered":"\n<p>Redacci\u00f3n\/Zona Roja Cdmx.<\/p>\n\n\n\n<p>Ciudad de M\u00e9xico, a 23 de septiembre de 2022.- En el Senado, Morena construir\u00e1 la mayor\u00eda calificada con el PRI para aprobar la reforma constitucional para ampliar la labor de las Fuerzas Armadas en tareas de seguridad p\u00fablica hasta 2028, afirm\u00f3 el morenista Eduardo Ram\u00edrez Aguilar.<\/p>\n\n\n\n<p>El presidente de la Comisi\u00f3n de Puntos Constitucionales de la C\u00e1mara alta asegur\u00f3 que para ello se tomar\u00e1n en cuenta las propuestas legislativas realizadas por la bancada priista, que coordina el hidalguense Miguel \u00c1ngel Osorio Chong.<\/p>\n\n\n\n<p>De acuerdo con el legislador chiapaneco, es posible sacar adelante la reforma y poder votarla en el pleno antes del 5 de octubre, luego de que el mi\u00e9rcoles tuvo que ser regresada a comisiones al no contar con los votos necesarios.<\/p>\n\n\n\n<p>Entre las propuestas de los senadores priistas se encuentran darle m\u00e1s \u201cdientes\u201d al Congreso de la Uni\u00f3n: realizar comparecencias semestrales de los titulares de las secretar\u00edas de Seguridad y Protecci\u00f3n Ciudadana, Defensa Nacional y Marina; entregar informes con indicadores objetivos, y convocar a un grupo de alto nivel integrado por organizaciones civiles y acad\u00e9micos especialistas en materia de seguridad, pudiendo convocar a expertos en materia local, as\u00ed como fortalecer a las polic\u00edas.<\/p>\n\n\n\n<p>El l\u00edder de Morena en la C\u00e1mara alta, Ricardo Monreal, anunci\u00f3, por su parte, que se invitar\u00e1n y se escuchar\u00e1n las opiniones de gobernadores, titulares de seguridad p\u00fablica de las entidades, presidentes municipales e, incluso, especialistas, propuesta que realiz\u00f3 el lunes en comisiones la priista Sylvana Beltrones.<\/p>\n\n\n\n<p>No obstante, el legislador zacatecano aclar\u00f3 que la bancada de Morena y sus aliados no s\u00f3lo buscan un acuerdo bipartidista Morena-PRI, sino un acuerdo con todas las fuerzas que conforman el bloque de contenci\u00f3n, conformado por PAN, PRI, PRD, MC y el grupo plural.<\/p>\n\n\n\n<p>Para ello anticip\u00f3 que la semana pr\u00f3xima se construir\u00e1 un grupo plural de alto nivel, el cual se encargar\u00e1 de hacer la redacci\u00f3n final para construir una propuesta alternativa y lograr un consenso entre todas las fuerzas pol\u00edticas.<\/p>\n\n\n\n<p>\u201cNo estamos buscando un acuerdo bipartidista Morena-PRI. \u00a1No! Nuestro prop\u00f3sito y la intenci\u00f3n del presidente de la Junta de Coordinaci\u00f3n Pol\u00edtica es que todos abracemos la causa y que aqu\u00ed en el Senado podamos construir una alternativa. Tenemos que demostrarle a M\u00e9xico que tenemos la capacidad y el talento de construir una alternativa para la sociedad\u201d, dijo.<\/p>\n\n\n\n<p>De acuerdo con Monreal, ha conversado con los l\u00edderes parlamentarios del PAN, Julen Rementer\u00eda; del PRI, Miguel \u00c1ngel Osorio Chong; del PRD, Miguel \u00c1ngel Mancera, y del grupo plural, Emilio \u00c1lvarez Icaza, por lo que expres\u00f3 su confianza en que antes de los 10 d\u00edas que se\u00f1ala la ley (antes del 5 de octubre), pueda lograrse un consenso.<\/p>\n\n\n\n<p>Por la ma\u00f1ana, el presidente Andr\u00e9s Manuel L\u00f3pez Obrador advirti\u00f3 que si el Senado no aprueba la reforma para ampliar la labor de las Fuerzas Armadas en tareas de seguridad p\u00fablica hasta 2028 que present\u00f3 el PRI en San L\u00e1zaro, \u00e9l la presentar\u00e1 posteriormente a nombre suyo.<\/p>\n\n\n\n<p>\u201cEs una reforma constitucional, que pase un tiempo, pase un periodo, y voy a volverla a presentar, mientras yo est\u00e9 de Presidente, como tengo la facultad de hacerlo, presentar iniciativas, voy a seguir insistiendo, porque no quiero que la Guardia Nacional termine como la Polic\u00eda Federal, que estaba bajo el mando de gentes como (Genaro) Garc\u00eda Luna, o como (Miguel \u00c1ngel Osorio) Chong, no quiero eso, porque esa Polic\u00eda Federal se pudri\u00f3\u201d, se\u00f1al\u00f3. con informaci\u00f3n de Diana Ben\u00edtez.<\/p>\n\n\n\n<p>(Informaci\u00f3n de \u201cEl Financiero\u201d)<\/p>\n","protected":false},"excerpt":{"rendered":"<p>Redacci\u00f3n\/Zona Roja Cdmx. Ciudad de M\u00e9xico, a 23 de septiembre de 2022.- En el Senado,&hellip;<\/p>\n","protected":false},"author":2,"featured_media":46031,"comment_status":"closed","ping_status":"open","sticky":false,"template":"","format":"standard","meta":{"_lmt_disableupdate":"","_lmt_disable":"","_jetpack_memberships_contains_paid_content":false,"footnotes":""},"categories":[109,47],"tags":[],"class_list":["post-46140","post","type-post","status-publish","format-standard","has-post-thumbnail","hentry","category-minuto-a-minuto","category-zona-gris"],"jetpack_featured_media_url":"https:\/\/zonaroja.com.mx\/wp-content\/uploads\/2022\/09\/Ejercito-Mexicano-en-las-calles-4.webp","jetpack_sharing_enabled":true,"_links":{"self":[{"href":"https:\/\/zonaroja.com.mx\/index.php?rest_route=\/wp\/v2\/posts\/46140","targetHints":{"allow":["GET"]}}],"collection":[{"href":"https:\/\/zonaroja.com.mx\/index.php?rest_route=\/wp\/v2\/posts"}],"about":[{"href":"https:\/\/zonaroja.com.mx\/index.php?rest_route=\/wp\/v2\/types\/post"}],"author":[{"embeddable":true,"href":"https:\/\/zonaroja.com.mx\/index.php?rest_route=\/wp\/v2\/users\/2"}],"replies":[{"embeddable":true,"href":"https:\/\/zonaroja.com.mx\/index.php?rest_route=%2Fwp%2Fv2%2Fcomments&post=46140"}],"version-history":[{"count":1,"href":"https:\/\/zonaroja.com.mx\/index.php?rest_route=\/wp\/v2\/posts\/46140\/revisions"}],"predecessor-version":[{"id":46141,"href":"https:\/\/zonaroja.com.mx\/index.php?rest_route=\/wp\/v2\/posts\/46140\/revisions\/46141"}],"wp:featuredmedia":[{"embeddable":true,"href":"https:\/\/zonaroja.com.mx\/index.php?rest_route=\/wp\/v2\/media\/46031"}],"wp:attachment":[{"href":"https:\/\/zonaroja.com.mx\/index.php?rest_route=%2Fwp%2Fv2%2Fmedia&parent=46140"}],"wp:term":[{"taxonomy":"category","embeddable":true,"href":"https:\/\/zonaroja.com.mx\/index.php?rest_route=%2Fwp%2Fv2%2Fcategories&post=46140"},{"taxonomy":"post_tag","embeddable":true,"href":"https:\/\/zonaroja.com.mx\/index.php?rest_route=%2Fwp%2Fv2%2Ftags&post=46140"}],"curies":[{"name":"wp","href":"https:\/\/api.w.org\/{rel}","templated":true}]}}