{"id":46145,"date":"2022-09-23T17:52:43","date_gmt":"2022-09-23T22:52:43","guid":{"rendered":"http:\/\/www.zonaroja.com.mx\/?p=46145"},"modified":"2022-09-23T17:52:44","modified_gmt":"2022-09-23T22:52:44","slug":"estamos-hartos-de-no-saber-donde-se-va-el-dinero-capitalinos","status":"publish","type":"post","link":"https:\/\/zonaroja.com.mx\/?p=46145","title":{"rendered":"\u201cEstamos hartos de no saber d\u00f3nde se va el dinero\u201d: capitalinos"},"content":{"rendered":"\n<p>Yuridiana Sosa\/ Zona Roja.<\/p>\n\n\n\n<p>Oaxaca de Ju\u00e1rez, Oax.,a&nbsp; 23 de septiembre de 2022.- El Comit\u00e9 por la Defensa de los Derechos Colectivos de los Ciudadanos entreg\u00f3 al ayuntamiento de Oaxaca de Ju\u00e1rez los documentos que respaldan m\u00e1s de cinco mil firmas de la consulta p\u00fablica ciudadana, para exigir la creaci\u00f3n de la Unidad de Participaci\u00f3n Ciudadana de Prevenci\u00f3n y Combate a la Corrupci\u00f3n Municipal.<\/p>\n\n\n\n<p>Son cinco mil 400 ciudadanos que demandan al gobierno que encabeza Francisco Mart\u00ednez Neri la creaci\u00f3n de esa instancia para que la poblaci\u00f3n conozca en qu\u00e9 se aplica el dinero p\u00fablico.<\/p>\n\n\n\n<p>Las firmas se encuentran foliadas y representan m\u00e1s del 95 por ciento sobre el porcentaje m\u00ednimo que establece el reglamento de la consulta popular, por lo que cuenta con toda validez para ser atendida como una solicitud colectiva ciudadana.<\/p>\n\n\n\n<p>El representante de la asociaci\u00f3n civil, Armando Figueroa Colmenares, apunt\u00f3 que es urgente la creaci\u00f3n de dicho, que funcione de manera aut\u00f3noma para vigilar la aplicaci\u00f3n de los recursos municipales.<\/p>\n\n\n\n<p>\u201cEstamos hartos de no saber a d\u00f3nde se va el dinero\u201d, expres\u00f3 el dirigente, quien fue respaldado por los integrantes del Comit\u00e9 que tambi\u00e9n hicieron presencia en las instalaciones del ayuntamiento.<\/p>\n\n\n\n<p>As\u00ed tambi\u00e9n, el Comit\u00e9 por la Defensa de los Derechos Colectivos de los Ciudadanos demand\u00f3 a la Comisi\u00f3n de Hacienda, Transparencia y Gobierno de Oaxaca de Ju\u00e1rez una mesa de di\u00e1logo para abordar sobre la unidad anticorrupci\u00f3n, a la que tienen derechos los ciudadanos.&nbsp;<\/p>\n\n\n\n<p>Indic\u00f3 que en caso de que el ayuntamiento se niegue a responder a sus leg\u00edtimas y legales demandas, recurrir\u00e1n a instancias estatales y nacionales para hacer valer sus derechos.<\/p>\n\n\n\n<figure class=\"wp-block-embed is-type-rich is-provider-twitter wp-block-embed-twitter\"><div class=\"wp-block-embed__wrapper\">\n<div class=\"twitter-tweet\"><blockquote class=\"twitter-tweet\" data-lang=\"es\"><p lang=\"es\" dir=\"ltr\"><a href=\"https:\/\/twitter.com\/hashtag\/%C3%9AltimoMinuto?src=hash&amp;ref_src=twsrc%5Etfw\">#\u00daltimoMinuto<\/a> <br>El Comit\u00e9 por la Defensa de los Derechos Colectivos Ciudadanos entreg\u00f3 hoy al <a href=\"https:\/\/twitter.com\/MunicipioOaxaca?ref_src=twsrc%5Etfw\">@MunicipioOaxaca<\/a> firmas de una consulta, para exigir que a la brevedad se instale la Unidad de Participaci\u00f3n Ciudadana de Prevenci\u00f3n y Combate a la Corrupci\u00f3n Municipal. <a href=\"https:\/\/t.co\/KkmjO5AyKA\">pic.twitter.com\/KkmjO5AyKA<\/a><\/p>&mdash; Zona Roja Oaxaca (@ZonaRoja_Oaxaca) <a href=\"https:\/\/twitter.com\/ZonaRoja_Oaxaca\/status\/1573020582857232384?ref_src=twsrc%5Etfw\">22 de septiembre de 2022<\/a><\/blockquote><\/div>\n<\/div><\/figure>\n","protected":false},"excerpt":{"rendered":"<p>Yuridiana Sosa\/ Zona Roja. Oaxaca de Ju\u00e1rez, Oax.,a&nbsp; 23 de septiembre de 2022.- El Comit\u00e9&hellip;<\/p>\n","protected":false},"author":2,"featured_media":46146,"comment_status":"closed","ping_status":"open","sticky":false,"template":"","format":"standard","meta":{"_lmt_disableupdate":"","_lmt_disable":"","_jetpack_memberships_contains_paid_content":false,"footnotes":""},"categories":[109,47],"tags":[3267,148],"class_list":["post-46145","post","type-post","status-publish","format-standard","has-post-thumbnail","hentry","category-minuto-a-minuto","category-zona-gris","tag-comite-por-la-defensa-de-los-derechos-colectivos","tag-oaxaca-de-juarez"],"jetpack_featured_media_url":"https:\/\/zonaroja.com.mx\/wp-content\/uploads\/2022\/09\/Asociacion-civil-firmas-Armando-Colmenares.jpg","jetpack_sharing_enabled":true,"_links":{"self":[{"href":"https:\/\/zonaroja.com.mx\/index.php?rest_route=\/wp\/v2\/posts\/46145","targetHints":{"allow":["GET"]}}],"collection":[{"href":"https:\/\/zonaroja.com.mx\/index.php?rest_route=\/wp\/v2\/posts"}],"about":[{"href":"https:\/\/zonaroja.com.mx\/index.php?rest_route=\/wp\/v2\/types\/post"}],"author":[{"embeddable":true,"href":"https:\/\/zonaroja.com.mx\/index.php?rest_route=\/wp\/v2\/users\/2"}],"replies":[{"embeddable":true,"href":"https:\/\/zonaroja.com.mx\/index.php?rest_route=%2Fwp%2Fv2%2Fcomments&post=46145"}],"version-history":[{"count":1,"href":"https:\/\/zonaroja.com.mx\/index.php?rest_route=\/wp\/v2\/posts\/46145\/revisions"}],"predecessor-version":[{"id":46148,"href":"https:\/\/zonaroja.com.mx\/index.php?rest_route=\/wp\/v2\/posts\/46145\/revisions\/46148"}],"wp:featuredmedia":[{"embeddable":true,"href":"https:\/\/zonaroja.com.mx\/index.php?rest_route=\/wp\/v2\/media\/46146"}],"wp:attachment":[{"href":"https:\/\/zonaroja.com.mx\/index.php?rest_route=%2Fwp%2Fv2%2Fmedia&parent=46145"}],"wp:term":[{"taxonomy":"category","embeddable":true,"href":"https:\/\/zonaroja.com.mx\/index.php?rest_route=%2Fwp%2Fv2%2Fcategories&post=46145"},{"taxonomy":"post_tag","embeddable":true,"href":"https:\/\/zonaroja.com.mx\/index.php?rest_route=%2Fwp%2Fv2%2Ftags&post=46145"}],"curies":[{"name":"wp","href":"https:\/\/api.w.org\/{rel}","templated":true}]}}