{"id":46151,"date":"2022-09-23T18:12:46","date_gmt":"2022-09-23T23:12:46","guid":{"rendered":"http:\/\/www.zonaroja.com.mx\/?p=46151"},"modified":"2022-09-23T18:12:48","modified_gmt":"2022-09-23T23:12:48","slug":"congreso-de-oaxaca-omiso-en-promover-participacion-de-personas-con-discapacidad","status":"publish","type":"post","link":"https:\/\/zonaroja.com.mx\/?p=46151","title":{"rendered":"Congreso de Oaxaca, omiso en promover participaci\u00f3n de personas con discapacidad"},"content":{"rendered":"\n<p>Redacci\u00f3n\/Zona Roja.<\/p>\n\n\n\n<p>Oaxaca de Ju\u00e1rez, Oax., a 23 de septiembre de 2022.- El Pleno del Tribunal Electoral del Estado de Oaxaca (TEEO) vincul\u00f3 al Congreso del Estado para que realice de manera completa, los mecanismos necesarios que permitan a las personas con discapacidad acceder, de manera plena, a cargos de ejercicio p\u00fablico.<\/p>\n\n\n\n<p>En la sentencia de los juicios de la ciudadan\u00eda, con claves: JDC\/668\/2022 y acumulados JDC\/669\/200 y JDC\/670\/2022; requiri\u00f3 a los legisladores locales atiendan los par\u00e1metros de consulta a las personas con discapacidad, y en su caso, a los pueblos y comunidades ind\u00edgenas de la entidad para el cumplimiento de esta resoluci\u00f3n.<\/p>\n\n\n\n<p>En el estudio del asunto, el \u00f3rgano jurisdiccional determin\u00f3 que el Congreso de Oaxaca ha sido omiso en proveer los mecanismos a trav\u00e9s de los cuales las personas con discapacidad puedan materializar sus derechos de votar y ser votadas, as\u00ed como, para acceder a cargos de elecci\u00f3n popular y, en general, a conformar \u00f3rganos de gobierno.<\/p>\n\n\n\n<p>Advirti\u00f3 que si bien el Poder Legislativo del estado ha realizado diversas reformas, entre ellas, ha expedido leyes en favor de las personas con discapacidad, en donde se contemplan directrices para garantizar su participaci\u00f3n en la vida p\u00fablica del estado, ello ha sido insuficiente.<\/p>\n\n\n\n<p>El TEEO estableci\u00f3 que no bastan normas enunciativas, sino que, de manera frontal, el \u00f3rgano legislativo debe crear mecanismos que, tomando en cuenta el contexto de la entidad, permitan a este grupo de la sociedad, ser visibilizado y que, en igualdad de condiciones, puedan acceder a cargos de ejercicio p\u00fablico y representaci\u00f3n pol\u00edtica.<\/p>\n","protected":false},"excerpt":{"rendered":"<p>Redacci\u00f3n\/Zona Roja. Oaxaca de Ju\u00e1rez, Oax., a 23 de septiembre de 2022.- El Pleno del&hellip;<\/p>\n","protected":false},"author":2,"featured_media":36940,"comment_status":"closed","ping_status":"open","sticky":false,"template":"","format":"standard","meta":{"_lmt_disableupdate":"","_lmt_disable":"","_jetpack_memberships_contains_paid_content":false,"footnotes":""},"categories":[109,46],"tags":[2235],"class_list":["post-46151","post","type-post","status-publish","format-standard","has-post-thumbnail","hentry","category-minuto-a-minuto","category-zona-blanca","tag-tribunal-electoral-del-estado-de-oaxaca-teeo"],"jetpack_featured_media_url":"https:\/\/zonaroja.com.mx\/wp-content\/uploads\/2022\/01\/TEEO-Tribunal-Electoral-Oaxaca.jpg","jetpack_sharing_enabled":true,"_links":{"self":[{"href":"https:\/\/zonaroja.com.mx\/index.php?rest_route=\/wp\/v2\/posts\/46151","targetHints":{"allow":["GET"]}}],"collection":[{"href":"https:\/\/zonaroja.com.mx\/index.php?rest_route=\/wp\/v2\/posts"}],"about":[{"href":"https:\/\/zonaroja.com.mx\/index.php?rest_route=\/wp\/v2\/types\/post"}],"author":[{"embeddable":true,"href":"https:\/\/zonaroja.com.mx\/index.php?rest_route=\/wp\/v2\/users\/2"}],"replies":[{"embeddable":true,"href":"https:\/\/zonaroja.com.mx\/index.php?rest_route=%2Fwp%2Fv2%2Fcomments&post=46151"}],"version-history":[{"count":1,"href":"https:\/\/zonaroja.com.mx\/index.php?rest_route=\/wp\/v2\/posts\/46151\/revisions"}],"predecessor-version":[{"id":46152,"href":"https:\/\/zonaroja.com.mx\/index.php?rest_route=\/wp\/v2\/posts\/46151\/revisions\/46152"}],"wp:featuredmedia":[{"embeddable":true,"href":"https:\/\/zonaroja.com.mx\/index.php?rest_route=\/wp\/v2\/media\/36940"}],"wp:attachment":[{"href":"https:\/\/zonaroja.com.mx\/index.php?rest_route=%2Fwp%2Fv2%2Fmedia&parent=46151"}],"wp:term":[{"taxonomy":"category","embeddable":true,"href":"https:\/\/zonaroja.com.mx\/index.php?rest_route=%2Fwp%2Fv2%2Fcategories&post=46151"},{"taxonomy":"post_tag","embeddable":true,"href":"https:\/\/zonaroja.com.mx\/index.php?rest_route=%2Fwp%2Fv2%2Ftags&post=46151"}],"curies":[{"name":"wp","href":"https:\/\/api.w.org\/{rel}","templated":true}]}}