{"id":46153,"date":"2022-09-23T18:35:49","date_gmt":"2022-09-23T23:35:49","guid":{"rendered":"http:\/\/www.zonaroja.com.mx\/?p=46153"},"modified":"2022-09-23T18:35:51","modified_gmt":"2022-09-23T23:35:51","slug":"asesinan-a-individuo-en-tutla-un-muerto-y-semicalcinado-en-istmo","status":"publish","type":"post","link":"https:\/\/zonaroja.com.mx\/?p=46153","title":{"rendered":"Asesinan a individuo en Tutla; un muerto y semicalcinado en Istmo"},"content":{"rendered":"\n<p>Redacci\u00f3n\/Zona Roja.<\/p>\n\n\n\n<p>Oaxaca de Ju\u00e1rez, Oax., a 23 de septiembre de 2022.- Una persona sin vida y semicalcinada fue hallada este viernes en Villa de San Blas Atempa, en la regi\u00f3n del Istmo, mientras que en San Sebasti\u00e1n Tutla ejecutaron a balazos a un individuo.<\/p>\n\n\n\n<p>Fue en el fraccionamiento El Rosario de este \u00faltimo municipio, en que ultimaron a una persona de aproximadamente 28 a\u00f1os de edad, e identificada como\u00a0Iv\u00e1n Antonio O. L.<\/p>\n\n\n\n<p>El hombre llegaba a su domicilio a bordo de una motocicleta, cuando al menos dos sujetos a bordo de una unidad de motor similar le dispararon y tras lo cual huyeron.<\/p>\n\n\n\n<p>Al menos seis impactos de bala alcanzaron a quien fue identificado como vendedor de autos y otros bienes; param\u00e9dicos del Cuerpo de Bomberos intentaron reanimarlo pero ya no contaba con signos vitales; personal de la Fiscal\u00eda General del Estado de Oaxaca inici\u00f3 las indagatorias correspondientes.<\/p>\n\n\n\n<figure class=\"wp-block-embed is-type-rich is-provider-twitter wp-block-embed-twitter\"><div class=\"wp-block-embed__wrapper\">\n<div class=\"twitter-tweet\"><blockquote class=\"twitter-tweet\" data-lang=\"es\"><p lang=\"es\" dir=\"ltr\"><a href=\"https:\/\/twitter.com\/hashtag\/ENVIVO?src=hash&amp;ref_src=twsrc%5Etfw\">#ENVIVO<\/a><br>San Sebasti\u00e1n Tutla, Oax., a 23 de septiembre de 2023.- Asesinan a balazos a una persona identificada como Iv\u00e1n Antonio O. L., en la calle Tehuantepec del fraccionamiento El Rosario.<br>Transmisi\u00f3n \ud83d\udc47<a href=\"https:\/\/t.co\/dX0x2pktMe\">https:\/\/t.co\/dX0x2pktMe<\/a> <a href=\"https:\/\/t.co\/6ozmC3UQym\">pic.twitter.com\/6ozmC3UQym<\/a><\/p>&mdash; Zona Roja Oaxaca (@ZonaRoja_Oaxaca) <a href=\"https:\/\/twitter.com\/ZonaRoja_Oaxaca\/status\/1573355886944346115?ref_src=twsrc%5Etfw\">23 de septiembre de 2022<\/a><\/blockquote><\/div>\n<\/div><\/figure>\n\n\n\n<p>EN EL ISTMO<\/p>\n\n\n\n<p>Por otra parte, en el municipio de San Blas Atempa fue localizado un cuerpo sin vida y semicalcinado de una persona del sexo masculino, a\u00fan no identificado y que s\u00f3lo tiene el nombre de \u201c\u00c1ngel\u201d tatuado en un brazo.<\/p>\n\n\n\n<p>La v\u00edctima se hall\u00f3 en el tramo de carretera que comunica a San Blas con San Pedro Huilotepec, a la altura del r\u00edo; al cuerpo le prendieron fuego para borrar evidencias.<\/p>\n\n\n\n<p>Personal de la Vicefiscal\u00eda Regional del Istmo inici\u00f3 las indagatorias al respecto y hasta el momento tampoco se ha detallado la forma en que le quitaron la vida a dicha persona.<\/p>\n","protected":false},"excerpt":{"rendered":"<p>Redacci\u00f3n\/Zona Roja. Oaxaca de Ju\u00e1rez, Oax., a 23 de septiembre de 2022.- Una persona sin&hellip;<\/p>\n","protected":false},"author":2,"featured_media":46147,"comment_status":"closed","ping_status":"open","sticky":false,"template":"","format":"standard","meta":{"_lmt_disableupdate":"","_lmt_disable":"","_jetpack_memberships_contains_paid_content":false,"footnotes":""},"categories":[109,51],"tags":[179,1116],"class_list":["post-46153","post","type-post","status-publish","format-standard","has-post-thumbnail","hentry","category-minuto-a-minuto","category-zona-roja","tag-san-blas-atempa","tag-san-sebastian-tutla"],"jetpack_featured_media_url":"https:\/\/zonaroja.com.mx\/wp-content\/uploads\/2022\/09\/Asesinado-El-Rosario-San-Sebastian-Tutla.jpg","jetpack_sharing_enabled":true,"_links":{"self":[{"href":"https:\/\/zonaroja.com.mx\/index.php?rest_route=\/wp\/v2\/posts\/46153","targetHints":{"allow":["GET"]}}],"collection":[{"href":"https:\/\/zonaroja.com.mx\/index.php?rest_route=\/wp\/v2\/posts"}],"about":[{"href":"https:\/\/zonaroja.com.mx\/index.php?rest_route=\/wp\/v2\/types\/post"}],"author":[{"embeddable":true,"href":"https:\/\/zonaroja.com.mx\/index.php?rest_route=\/wp\/v2\/users\/2"}],"replies":[{"embeddable":true,"href":"https:\/\/zonaroja.com.mx\/index.php?rest_route=%2Fwp%2Fv2%2Fcomments&post=46153"}],"version-history":[{"count":1,"href":"https:\/\/zonaroja.com.mx\/index.php?rest_route=\/wp\/v2\/posts\/46153\/revisions"}],"predecessor-version":[{"id":46154,"href":"https:\/\/zonaroja.com.mx\/index.php?rest_route=\/wp\/v2\/posts\/46153\/revisions\/46154"}],"wp:featuredmedia":[{"embeddable":true,"href":"https:\/\/zonaroja.com.mx\/index.php?rest_route=\/wp\/v2\/media\/46147"}],"wp:attachment":[{"href":"https:\/\/zonaroja.com.mx\/index.php?rest_route=%2Fwp%2Fv2%2Fmedia&parent=46153"}],"wp:term":[{"taxonomy":"category","embeddable":true,"href":"https:\/\/zonaroja.com.mx\/index.php?rest_route=%2Fwp%2Fv2%2Fcategories&post=46153"},{"taxonomy":"post_tag","embeddable":true,"href":"https:\/\/zonaroja.com.mx\/index.php?rest_route=%2Fwp%2Fv2%2Ftags&post=46153"}],"curies":[{"name":"wp","href":"https:\/\/api.w.org\/{rel}","templated":true}]}}