{"id":4616,"date":"2019-10-07T09:12:56","date_gmt":"2019-10-07T14:12:56","guid":{"rendered":"http:\/\/www.zonaroja.com.mx\/?p=4616"},"modified":"2019-10-07T09:12:59","modified_gmt":"2019-10-07T14:12:59","slug":"sindicatos-universitarios-del-pais-entre-ellos-oaxaca-se-van-a-paro-de-labores","status":"publish","type":"post","link":"https:\/\/zonaroja.com.mx\/?p=4616","title":{"rendered":"Sindicatos universitarios del pa\u00eds, entre ellos Oaxaca, se van a paro de labores"},"content":{"rendered":"\n<p>Redacci\u00f3n\/Zona\nRoja.<\/p>\n\n\n\n<p>El\npr\u00f3ximo mi\u00e9rcoles, integrantes la Confederaci\u00f3n Nacional de Trabajadores\nUniversitarios (Contu) efectuar\u00e1n un paro de labores en al menos 30\nuniversidades, incluyendo la de Oaxaca, para exigir m\u00e1s presupuesto a la\nFederaci\u00f3n.<\/p>\n\n\n\n<p>Asimismo,\nen demanda de aumento en el subsidio a la educaci\u00f3n superior y para que el\ngobierno federal entregue apoyos extraordinarios a nueve casas de estudio \u2013como\nla UABJO&#8211; que est\u00e1n en crisis econ\u00f3mica y que no cuentan con recursos\nnecesarios para pagar salarios y prestaciones al personal.<\/p>\n\n\n\n<p>La\nContu, que aglutina a m\u00e1s de 90 sindicatos, incluidos varios centros\ntecnol\u00f3gicos estatales, inform\u00f3 que rectores de varias universidades aut\u00f3nomas\nhan informado a sus trabajadores que no cuentan con dinero para salarios desde\neste mes.<\/p>\n\n\n\n<p>A\npesar de que desde hace varias semanas la Secretar\u00eda de Educaci\u00f3n P\u00fablica\ngestiona ante la Secretar\u00eda de Hacienda y Cr\u00e9dito P\u00fablico la entrega de apoyos\nextraordinarios por dos mil 500 millones de pesos para las nueve universidades\nen crisis, todav\u00eda no hay resultados concretos y prevalece la incertidumbre\nentre los empleados.<\/p>\n\n\n\n<p>Las\ninstituciones en crisis son: la Universidad Aut\u00f3noma de Nayarit, la Michoacana\nde San Nicol\u00e1s de Hidalgo, la Aut\u00f3noma de Zacatecas, y la Aut\u00f3noma \u201cBenito\nJu\u00e1rez\u201d de Oaxaca, as\u00ed como las universidades de Tabasco, Guerrero, Estado de\nM\u00e9xico, Sinaloa y Chiapas. <\/p>\n\n\n\n<p>Otras\nm\u00e1s, como las de Baja California y Coahuila han se\u00f1alado tambi\u00e9n que viven\ncondiciones de suma vulnerabilidad financiera.<\/p>\n\n\n\n<p>Enrique\nLevet, secretario general de la Contu, se\u00f1al\u00f3 que el paro nacional de este\nmi\u00e9rcoles tambi\u00e9n es para exigir al Poder Legislativo que en el Presupuesto de\nEgresos de la Federaci\u00f3n 2020 se apruebe el aumento al subsidio para las\nuniversidades p\u00fablicas, sobre todo ahora que se habla que ya no habr\u00e1 examen de\nadmisi\u00f3n y que eventualmente aumentar\u00eda la matr\u00edcula.<\/p>\n\n\n\n<p>Record\u00f3\nque la administraci\u00f3n del presidente Andr\u00e9s Manuel L\u00f3pez Obrador busca que se\neleve la gratuidad de la educaci\u00f3n, pero deja huecos en el presupuesto de las\nuniversidades que no permitir\u00e1 desarrollar sus funciones sustantivas.<\/p>\n\n\n\n<p>\u201cNos\nparece muy bien que todos los j\u00f3venes puedan cursar una carrera universitaria,\nsin embargo, esto debe estar emparejado con recursos adicionales, de otra\nmanera, es solamente una frase discursiva\u201d.<\/p>\n\n\n\n<p>La\ndirigencia de la Contu se reunir\u00e1 hoy con integrantes de la Comisi\u00f3n de Presupuesto\ny Cuenta P\u00fablica de la C\u00e1mara de Diputados con el fin de avanzar en la\norganizaci\u00f3n de la Convenci\u00f3n Universitaria Nacional, propuesta por el\npresidente de dicha comisi\u00f3n, el diputado de Morena Alfonso Ram\u00edrez Cu\u00e9llar, y\nen la que participar\u00edan todos los involucrados en la educaci\u00f3n superior.<\/p>\n\n\n\n<p>(Con\ninformaci\u00f3n de \u201cLa Jornada\u201d)<\/p>\n","protected":false},"excerpt":{"rendered":"<p>Redacci\u00f3n\/Zona Roja. El pr\u00f3ximo mi\u00e9rcoles, integrantes la Confederaci\u00f3n Nacional de Trabajadores Universitarios (Contu) efectuar\u00e1n un&hellip;<\/p>\n","protected":false},"author":2,"featured_media":4078,"comment_status":"closed","ping_status":"open","sticky":false,"template":"","format":"standard","meta":{"_lmt_disableupdate":"","_lmt_disable":"","_jetpack_memberships_contains_paid_content":false,"footnotes":""},"categories":[109,47],"tags":[831,282],"class_list":["post-4616","post","type-post","status-publish","format-standard","has-post-thumbnail","hentry","category-minuto-a-minuto","category-zona-gris","tag-confederacion-nacional-de-trabajadores-universitarios-contu","tag-universidad-autonoma-benito-juarez-de-oaxaca"],"jetpack_featured_media_url":"https:\/\/zonaroja.com.mx\/wp-content\/uploads\/2019\/09\/acaac1b3-77d2-4d6b-9531-b0c3b93f752f.jpg","jetpack_sharing_enabled":true,"_links":{"self":[{"href":"https:\/\/zonaroja.com.mx\/index.php?rest_route=\/wp\/v2\/posts\/4616","targetHints":{"allow":["GET"]}}],"collection":[{"href":"https:\/\/zonaroja.com.mx\/index.php?rest_route=\/wp\/v2\/posts"}],"about":[{"href":"https:\/\/zonaroja.com.mx\/index.php?rest_route=\/wp\/v2\/types\/post"}],"author":[{"embeddable":true,"href":"https:\/\/zonaroja.com.mx\/index.php?rest_route=\/wp\/v2\/users\/2"}],"replies":[{"embeddable":true,"href":"https:\/\/zonaroja.com.mx\/index.php?rest_route=%2Fwp%2Fv2%2Fcomments&post=4616"}],"version-history":[{"count":1,"href":"https:\/\/zonaroja.com.mx\/index.php?rest_route=\/wp\/v2\/posts\/4616\/revisions"}],"predecessor-version":[{"id":4617,"href":"https:\/\/zonaroja.com.mx\/index.php?rest_route=\/wp\/v2\/posts\/4616\/revisions\/4617"}],"wp:featuredmedia":[{"embeddable":true,"href":"https:\/\/zonaroja.com.mx\/index.php?rest_route=\/wp\/v2\/media\/4078"}],"wp:attachment":[{"href":"https:\/\/zonaroja.com.mx\/index.php?rest_route=%2Fwp%2Fv2%2Fmedia&parent=4616"}],"wp:term":[{"taxonomy":"category","embeddable":true,"href":"https:\/\/zonaroja.com.mx\/index.php?rest_route=%2Fwp%2Fv2%2Fcategories&post=4616"},{"taxonomy":"post_tag","embeddable":true,"href":"https:\/\/zonaroja.com.mx\/index.php?rest_route=%2Fwp%2Fv2%2Ftags&post=4616"}],"curies":[{"name":"wp","href":"https:\/\/api.w.org\/{rel}","templated":true}]}}