{"id":46169,"date":"2022-09-24T09:36:00","date_gmt":"2022-09-24T14:36:00","guid":{"rendered":"http:\/\/www.zonaroja.com.mx\/?p=46169"},"modified":"2022-09-24T06:56:31","modified_gmt":"2022-09-24T11:56:31","slug":"denuncia-gobierno-a-juez-que-absolvio-a-implicados-en-caso-ayotzinapa","status":"publish","type":"post","link":"https:\/\/zonaroja.com.mx\/?p=46169","title":{"rendered":"Denuncia gobierno a juez que absolvi\u00f3 a implicados en caso Ayotzinapa"},"content":{"rendered":"\n<p>Redacci\u00f3n\/Zona Roja Cdmx.<\/p>\n\n\n\n<p>Ciudad de M\u00e9xico, a 24 de septiembre de 2022.- Las secretar\u00edas de Gobernaci\u00f3n y de Seguridad y Protecci\u00f3n Ciudadana (SSPC)&nbsp;presentaron una denuncia de hechos ante la Fiscal\u00eda General de la Rep\u00fablica (FGR) contra el juez de Distrito de Procesos Penales Federales, con sede en Matamoros, Tamaulipas, Samuel Ventura Ramos, quien absolvi\u00f3 a varios implicados en el caso Ayotzinapa.&nbsp;<\/p>\n\n\n\n<p>En una tarjeta informativa, ambas dependencias indicaron que sus respectivas \u00e1reas jur\u00eddicas presentaron la denuncia esta tarde de viernes,&nbsp;por&nbsp;acuerdo del Gabinete de Seguridad.&nbsp;<\/p>\n\n\n\n<p>Detall\u00f3 que acusaron al juez de&nbsp;la probable comisi\u00f3n de delitos contra la administraci\u00f3n de justicia y lo que resulte. Hace unos d\u00edas, el juez dict\u00f3 sentencia absolutoria a 24 personas que intervinieron en el intento de homicidio contra un estudiante en Iguala, Guerrero, que desde el d\u00eda de los hechos, el 26 septiembre de 2014, se encuentra en estado vegetativo.&nbsp;<\/p>\n\n\n\n<p>Pese a ello, los imputados no salieron en libertad porque los procesaron por los delitos de delincuencia organizada y desaparici\u00f3n forzada de personas.&nbsp;<\/p>\n\n\n\n<p>El 14 de septiembre pasado, el juzgador tambi\u00e9n dict\u00f3 sentencia absolutoria a Jos\u00e9 Luis Abarca, ex presidente municipal de Iguala, por secuestro, aunque sigue compurgando prisi\u00f3n por otros delitos.&nbsp;<\/p>\n\n\n\n<p>En total, suman m\u00e1s de 120 libertades absolutorias dictadas por este juez a favor de los acusados.&nbsp;<\/p>\n\n\n\n<p>(Informaci\u00f3n de \u201cMilenio\u201d)<\/p>\n","protected":false},"excerpt":{"rendered":"<p>Redacci\u00f3n\/Zona Roja Cdmx. Ciudad de M\u00e9xico, a 24 de septiembre de 2022.- Las secretar\u00edas de&hellip;<\/p>\n","protected":false},"author":2,"featured_media":32471,"comment_status":"closed","ping_status":"open","sticky":false,"template":"","format":"standard","meta":{"_lmt_disableupdate":"","_lmt_disable":"","_jetpack_memberships_contains_paid_content":false,"footnotes":""},"categories":[109,47],"tags":[823],"class_list":["post-46169","post","type-post","status-publish","format-standard","has-post-thumbnail","hentry","category-minuto-a-minuto","category-zona-gris","tag-desaparecidos-ayotzinapa-guerrero"],"jetpack_featured_media_url":"https:\/\/zonaroja.com.mx\/wp-content\/uploads\/2021\/09\/Protesta-Ayotzinapa-Oaxaca.jpg","jetpack_sharing_enabled":true,"_links":{"self":[{"href":"https:\/\/zonaroja.com.mx\/index.php?rest_route=\/wp\/v2\/posts\/46169","targetHints":{"allow":["GET"]}}],"collection":[{"href":"https:\/\/zonaroja.com.mx\/index.php?rest_route=\/wp\/v2\/posts"}],"about":[{"href":"https:\/\/zonaroja.com.mx\/index.php?rest_route=\/wp\/v2\/types\/post"}],"author":[{"embeddable":true,"href":"https:\/\/zonaroja.com.mx\/index.php?rest_route=\/wp\/v2\/users\/2"}],"replies":[{"embeddable":true,"href":"https:\/\/zonaroja.com.mx\/index.php?rest_route=%2Fwp%2Fv2%2Fcomments&post=46169"}],"version-history":[{"count":1,"href":"https:\/\/zonaroja.com.mx\/index.php?rest_route=\/wp\/v2\/posts\/46169\/revisions"}],"predecessor-version":[{"id":46170,"href":"https:\/\/zonaroja.com.mx\/index.php?rest_route=\/wp\/v2\/posts\/46169\/revisions\/46170"}],"wp:featuredmedia":[{"embeddable":true,"href":"https:\/\/zonaroja.com.mx\/index.php?rest_route=\/wp\/v2\/media\/32471"}],"wp:attachment":[{"href":"https:\/\/zonaroja.com.mx\/index.php?rest_route=%2Fwp%2Fv2%2Fmedia&parent=46169"}],"wp:term":[{"taxonomy":"category","embeddable":true,"href":"https:\/\/zonaroja.com.mx\/index.php?rest_route=%2Fwp%2Fv2%2Fcategories&post=46169"},{"taxonomy":"post_tag","embeddable":true,"href":"https:\/\/zonaroja.com.mx\/index.php?rest_route=%2Fwp%2Fv2%2Ftags&post=46169"}],"curies":[{"name":"wp","href":"https:\/\/api.w.org\/{rel}","templated":true}]}}