{"id":46171,"date":"2022-09-24T11:56:00","date_gmt":"2022-09-24T16:56:00","guid":{"rendered":"http:\/\/www.zonaroja.com.mx\/?p=46171"},"modified":"2022-09-24T06:59:42","modified_gmt":"2022-09-24T11:59:42","slug":"ilegal-la-consulta-que-propone-amlo-sobre-la-guardia-nacional-y-ejercito","status":"publish","type":"post","link":"https:\/\/zonaroja.com.mx\/?p=46171","title":{"rendered":"Ilegal, la consulta que propone AMLO sobre la Guardia Nacional y Ej\u00e9rcito"},"content":{"rendered":"\n<p>Redacci\u00f3n\/Zona Roja Cdmx.<\/p>\n\n\n\n<p>Ciudad de M\u00e9xico, a 24 de septiembre de 2022.- El Presidente Andr\u00e9s Manuel L\u00f3pez Obrador insiste en su propuesta de llevar a cabo una consulta ciudadana para evaluar el desempe\u00f1o y permanencia de las Fuerzas Armadas en tareas de seguridad p\u00fablica.<\/p>\n\n\n\n<p>La formalizaci\u00f3n de una consulta en la materia, que el presidente propone se lleva a cabo a inicios de 2023, es constitucionalmente ilegal.<\/p>\n\n\n\n<p>El art\u00edculo 35 de la Constituci\u00f3n mexicana precisa que \u201cno podr\u00e1n ser objeto de consulta popular (&#8230;) la seguridad nacional y la organizaci\u00f3n, funcionamiento y disciplina de la Fuerza Armada permanente. La Suprema Corte de Justicia de la Naci\u00f3n resolver\u00e1, previo a la convocatoria que realice el Congreso de la Uni\u00f3n, sobre la constitucionalidad de la materia de la consulta\u201d.<\/p>\n\n\n\n<p>Frente a este impedimento legal, L\u00f3pez Obrador refiri\u00f3 que \u201chay que buscar legalmente si existe un mecanismo, parece que s\u00ed se puede a trav\u00e9s de la Subsecretar\u00eda de Gobernaci\u00f3n, a\u00fan cuando no sea vinculante (&#8230;) No nos va a costar, vamos a participar todo y que participe la gente y que nos ayude la gente y que se pueda votar en casillas y tambi\u00e9n de manera electr\u00f3nica, que tambi\u00e9n se puedan aplicar dos o tres encuestas, recoger la opini\u00f3n de todos\u201d.<\/p>\n\n\n\n<p>Este 23 de septiembre, el mandatario aclar\u00f3 que el Instituto Nacional Electoral (INE) no ser\u00eda el encargado de llevar a cabo dicho proceso y present\u00f3 a detalle las tres preguntas que integrar\u00edan la consulta:<\/p>\n\n\n\n<p>* \u00bfEst\u00e1s de acuerdo con la creaci\u00f3n de la Guardia Nacional y con su desempe\u00f1o hasta ahora?<\/p>\n\n\n\n<p>* \u00bfConsideras que las Fuerzas Armadas, el Ej\u00e9rcito y la Marina deber\u00edan mantenerse haciendo labor de seguridad p\u00fablica hasta 2028 o que regresen a sus cuarteles en marzo 2024?<\/p>\n\n\n\n<p>* \u00bfCu\u00e1l es tu opini\u00f3n de que la Guardia Nacional pase a formar parte de la Secretar\u00eda de la Defensa Nacional o dependa de la Secretar\u00eda de Gobernaci\u00f3n o de Seguridad P\u00fablica?<\/p>\n\n\n\n<p>En el Senado de la Rep\u00fablica se mantiene en pausa la discusi\u00f3n de la reforma para ampliar la presencia de las Fuerzas Armadas en tareas de seguridad p\u00fablica hasta 2028.<\/p>\n\n\n\n<p>Si la reforma constitucional para ampliar la labor de las Fuerzas Armadas en tareas de seguridad p\u00fablica hasta 2028 es aprobada en el Senado, la coalici\u00f3n \u201cVa por M\u00e9xico\u201d pasar\u00eda de la suspensi\u00f3n temporal a la ruptura definitiva.<\/p>\n\n\n\n<p>As\u00ed lo advirtieron los dirigentes del PAN, Marko Cort\u00e9s, y del PRD, Jes\u00fas Zambrano, en una declaraci\u00f3n conjunta, tras lamentar que el dirigente nacional del PRI, Alejandro Moreno, y su grupo parlamentario en la C\u00e1mara de Diputados, hayan hecho caso omiso a sus llamados a cumplir los compromisos asumidos en la coalici\u00f3n.<\/p>\n\n\n\n<p>(Informaci\u00f3n de \u201cEl Financiero\u201d)<\/p>\n","protected":false},"excerpt":{"rendered":"<p>Redacci\u00f3n\/Zona Roja Cdmx. Ciudad de M\u00e9xico, a 24 de septiembre de 2022.- El Presidente Andr\u00e9s&hellip;<\/p>\n","protected":false},"author":2,"featured_media":46172,"comment_status":"closed","ping_status":"open","sticky":false,"template":"","format":"standard","meta":{"_lmt_disableupdate":"","_lmt_disable":"","_jetpack_memberships_contains_paid_content":false,"footnotes":""},"categories":[109,47],"tags":[143],"class_list":["post-46171","post","type-post","status-publish","format-standard","has-post-thumbnail","hentry","category-minuto-a-minuto","category-zona-gris","tag-andres-manuel-lopez-obrador"],"jetpack_featured_media_url":"https:\/\/zonaroja.com.mx\/wp-content\/uploads\/2022\/09\/Lopez-Obrador-consulta-guardia-nacional-Ejercito.jpeg","jetpack_sharing_enabled":true,"_links":{"self":[{"href":"https:\/\/zonaroja.com.mx\/index.php?rest_route=\/wp\/v2\/posts\/46171","targetHints":{"allow":["GET"]}}],"collection":[{"href":"https:\/\/zonaroja.com.mx\/index.php?rest_route=\/wp\/v2\/posts"}],"about":[{"href":"https:\/\/zonaroja.com.mx\/index.php?rest_route=\/wp\/v2\/types\/post"}],"author":[{"embeddable":true,"href":"https:\/\/zonaroja.com.mx\/index.php?rest_route=\/wp\/v2\/users\/2"}],"replies":[{"embeddable":true,"href":"https:\/\/zonaroja.com.mx\/index.php?rest_route=%2Fwp%2Fv2%2Fcomments&post=46171"}],"version-history":[{"count":1,"href":"https:\/\/zonaroja.com.mx\/index.php?rest_route=\/wp\/v2\/posts\/46171\/revisions"}],"predecessor-version":[{"id":46173,"href":"https:\/\/zonaroja.com.mx\/index.php?rest_route=\/wp\/v2\/posts\/46171\/revisions\/46173"}],"wp:featuredmedia":[{"embeddable":true,"href":"https:\/\/zonaroja.com.mx\/index.php?rest_route=\/wp\/v2\/media\/46172"}],"wp:attachment":[{"href":"https:\/\/zonaroja.com.mx\/index.php?rest_route=%2Fwp%2Fv2%2Fmedia&parent=46171"}],"wp:term":[{"taxonomy":"category","embeddable":true,"href":"https:\/\/zonaroja.com.mx\/index.php?rest_route=%2Fwp%2Fv2%2Fcategories&post=46171"},{"taxonomy":"post_tag","embeddable":true,"href":"https:\/\/zonaroja.com.mx\/index.php?rest_route=%2Fwp%2Fv2%2Ftags&post=46171"}],"curies":[{"name":"wp","href":"https:\/\/api.w.org\/{rel}","templated":true}]}}