{"id":46174,"date":"2022-09-24T07:21:53","date_gmt":"2022-09-24T12:21:53","guid":{"rendered":"http:\/\/www.zonaroja.com.mx\/?p=46174"},"modified":"2022-09-24T07:21:54","modified_gmt":"2022-09-24T12:21:54","slug":"neri-impugna-decision-de-la-profepa-de-cerrar-tiradero-de-zaachila","status":"publish","type":"post","link":"https:\/\/zonaroja.com.mx\/?p=46174","title":{"rendered":"Neri impugna decisi\u00f3n de la Profepa de cerrar tiradero de Zaachila"},"content":{"rendered":"\n<p>Redacci\u00f3n\/Zona Roja.<\/p>\n\n\n\n<p>Oaxaca de Ju\u00e1rez, Oax., a 24 de septiembre de 2022.- El ayuntamiento de Oaxaca de Ju\u00e1rez interpuso un amparo por la clausura que realiz\u00f3 la Procuradur\u00eda Federal de Protecci\u00f3n al Ambiente (Profepa) al tiradero ubicado en la Villa de Zaachila.<\/p>\n\n\n\n<p>\u201cTramitamos un amparo y espero que ese amparo tenga \u00e9xito, que lo va a tener, porque me parece el procedimiento no fue el adecuado\u201d, respondi\u00f3 ayer de manera breve, durante una entrevista colectiva.<\/p>\n\n\n\n<p>\u201cTenemos un plazo (el 8 de octubre), tenemos alternativas y vamos a cuidar ese aspecto\u201d, dijo, al ser cuestionado respecto al cierre y la probable imposibilidad de que no puedan seguir tirando los desechos en el relleno sanitario ubicado en la Villa de Zaachila.<\/p>\n\n\n\n<p>Y es que el jueves, la Profepa clausur\u00f3 el tiradero, ubicado en la agencia Vicente Guerrero de Zaachila, bajo el folio PFPA\/32\/2C271\/0007-22-01.<\/p>\n\n\n\n<p>Este acto se da a 15 d\u00edas de que culmine el plazo que otorgaron colonos aleda\u00f1os al relleno sanitario para su cierre definitivo, toda vez que hace tres tres meses dieron una pr\u00f3rroga al ayuntamiento capitalino para que continuara con el dep\u00f3sito de sus residuos s\u00f3lidos.<\/p>\n\n\n\n<p>La autoridad municipal de Oaxaca de Ju\u00e1rez a\u00fan no ha precisado si podr\u00e1 seguir llevando los camiones con basura a dicho tiradero, o de nuevo se comenzar\u00e1n a llenar las calles de desechos.<\/p>\n","protected":false},"excerpt":{"rendered":"<p>Redacci\u00f3n\/Zona Roja. Oaxaca de Ju\u00e1rez, Oax., a 24 de septiembre de 2022.- El ayuntamiento de&hellip;<\/p>\n","protected":false},"author":2,"featured_media":46175,"comment_status":"closed","ping_status":"open","sticky":false,"template":"","format":"standard","meta":{"_lmt_disableupdate":"","_lmt_disable":"","_jetpack_memberships_contains_paid_content":false,"footnotes":""},"categories":[109,47],"tags":[3211],"class_list":["post-46174","post","type-post","status-publish","format-standard","has-post-thumbnail","hentry","category-minuto-a-minuto","category-zona-gris","tag-tiradero-de-basura-zaachila"],"jetpack_featured_media_url":"https:\/\/zonaroja.com.mx\/wp-content\/uploads\/2022\/09\/Clausura-Profepa-tiradero.jpg","jetpack_sharing_enabled":true,"_links":{"self":[{"href":"https:\/\/zonaroja.com.mx\/index.php?rest_route=\/wp\/v2\/posts\/46174","targetHints":{"allow":["GET"]}}],"collection":[{"href":"https:\/\/zonaroja.com.mx\/index.php?rest_route=\/wp\/v2\/posts"}],"about":[{"href":"https:\/\/zonaroja.com.mx\/index.php?rest_route=\/wp\/v2\/types\/post"}],"author":[{"embeddable":true,"href":"https:\/\/zonaroja.com.mx\/index.php?rest_route=\/wp\/v2\/users\/2"}],"replies":[{"embeddable":true,"href":"https:\/\/zonaroja.com.mx\/index.php?rest_route=%2Fwp%2Fv2%2Fcomments&post=46174"}],"version-history":[{"count":1,"href":"https:\/\/zonaroja.com.mx\/index.php?rest_route=\/wp\/v2\/posts\/46174\/revisions"}],"predecessor-version":[{"id":46176,"href":"https:\/\/zonaroja.com.mx\/index.php?rest_route=\/wp\/v2\/posts\/46174\/revisions\/46176"}],"wp:featuredmedia":[{"embeddable":true,"href":"https:\/\/zonaroja.com.mx\/index.php?rest_route=\/wp\/v2\/media\/46175"}],"wp:attachment":[{"href":"https:\/\/zonaroja.com.mx\/index.php?rest_route=%2Fwp%2Fv2%2Fmedia&parent=46174"}],"wp:term":[{"taxonomy":"category","embeddable":true,"href":"https:\/\/zonaroja.com.mx\/index.php?rest_route=%2Fwp%2Fv2%2Fcategories&post=46174"},{"taxonomy":"post_tag","embeddable":true,"href":"https:\/\/zonaroja.com.mx\/index.php?rest_route=%2Fwp%2Fv2%2Ftags&post=46174"}],"curies":[{"name":"wp","href":"https:\/\/api.w.org\/{rel}","templated":true}]}}