{"id":46177,"date":"2022-09-24T07:29:42","date_gmt":"2022-09-24T12:29:42","guid":{"rendered":"http:\/\/www.zonaroja.com.mx\/?p=46177"},"modified":"2022-09-24T07:29:43","modified_gmt":"2022-09-24T12:29:43","slug":"incrementan-protestas-a-unos-dias-de-cumplir-8-anos-del-caso-ayotzinapa","status":"publish","type":"post","link":"https:\/\/zonaroja.com.mx\/?p=46177","title":{"rendered":"Incrementan protestas a unos d\u00edas de cumplir 8 a\u00f1os del caso Ayotzinapa"},"content":{"rendered":"\n<p>Redacci\u00f3n\/Zona Roja Cdmx.<\/p>\n\n\n\n<p>Ciudad de M\u00e9xico, a 24 de septiembre de 2022.- A unos d\u00edas de cumplirse ocho a\u00f1os de la desaparici\u00f3n de 43 estudiantes de la Escuela Normal Rural \u201cRa\u00fal Isidro Burgos\u201d de Ayotzinapa, las protestas se incrementan y endurecen.<\/p>\n\n\n\n<p>En la \u00faltima semana se han registrado al menos cuatro movilizaciones, en el estado de Guerrero y la ciudad de M\u00e9xico, el m\u00e1s reciente ayer en el Campo Militar n\u00famero 1 de la capital del pa\u00eds.<\/p>\n\n\n\n<p>Estudiantes y familiares de los desaparecidos en Iguala, Guerrero, agredieron a elementos militares y polic\u00edas capitalinos, lo que dej\u00f3 un saldo preliminar de al menos 39 lesionados.<\/p>\n\n\n\n<p>Los hechos comenzaron minutos despu\u00e9s de las 11 de la ma\u00f1ana con la llegada de autobuses a la avenida Conscripto, en la zona lim\u00edtrofe de Naucalpan y la Ciudad de M\u00e9xico; primero apareci\u00f3 el transporte de los familiares de los j\u00f3venes desaparecidos, y enseguida unos 20 camiones, de los que descendieron muchachos con los rostros cubiertos, varios con el uniforme deportivo de la Normal Rural de Ayotzinapa.<\/p>\n\n\n\n<p>Incluso con la vialidad detenida, para ese momento todo parec\u00eda parte de una manifestaci\u00f3n com\u00fan, pero de pronto los j\u00f3venes ya estaban en hileras encarando a los uniformados, quienes, a su vez, estaban listos con cascos, toletes y escudos.<\/p>\n\n\n\n<p>Fue evidente que los polic\u00edas, civiles y militares, ten\u00edan informaci\u00f3n previa para el dise\u00f1o del operativo. Los jefes se coordinaban atr\u00e1s, daban \u00f3rdenes, y al rato apareci\u00f3 un tanque de dispersi\u00f3n.<\/p>\n\n\n\n<p>Antes del mitin, un joven trep\u00f3 a las columnas de la entrada principal, donde se le\u00eda debajo del escudo nacional: \u201cCampo Militar No. 1-A. Gral. Div. \u00c1lvaro Obreg\u00f3n. Puerta 1\u201d. El muchacho sac\u00f3 de su mochila varios envases de pintura en aerosol y empez\u00f3 a escribir: \u201cAsesinos\u201d y \u201cNos faltan 43\u201d.<\/p>\n\n\n\n<p>Sus compa\u00f1eros le pasaban la escoba con el engrudo para pegar los carteles con el enunciado \u201cFue el Ej\u00e9rcito\u201d; otros alzaban mantas: \u201cNo sepulten la verdad en los archivos militares\u201d.<\/p>\n\n\n\n<p>El primer estruendo no fue de los petardos, sino del grito un\u00edsono y potente de \u201c\u00a1vivos se los llevaron, vivos los queremos!\u201d Con esa expresi\u00f3n empezaron a tomar la palabra varios de los manifestantes.<\/p>\n\n\n\n<p>La corporaci\u00f3n policiaca capitalina inform\u00f3 que a consecuencia de los petardos, cohetones y bombas molotov resultaron heridos 39 uniformados: 21 de la Secretar\u00eda de Seguridad Ciudadana (tres debieron ser llevados al hospital), 13 de la Secretar\u00eda de la Defensa Nacional y cinco de la Guardia Nacional.<\/p>\n\n\n\n<p>(Con informaci\u00f3n de \u201cLa Jornada\u201d)<\/p>\n","protected":false},"excerpt":{"rendered":"<p>Redacci\u00f3n\/Zona Roja Cdmx. Ciudad de M\u00e9xico, a 24 de septiembre de 2022.- A unos d\u00edas&hellip;<\/p>\n","protected":false},"author":2,"featured_media":46179,"comment_status":"closed","ping_status":"open","sticky":false,"template":"","format":"standard","meta":{"_lmt_disableupdate":"","_lmt_disable":"","_jetpack_memberships_contains_paid_content":false,"footnotes":""},"categories":[109,47],"tags":[823],"class_list":["post-46177","post","type-post","status-publish","format-standard","has-post-thumbnail","hentry","category-minuto-a-minuto","category-zona-gris","tag-desaparecidos-ayotzinapa-guerrero"],"jetpack_featured_media_url":"https:\/\/zonaroja.com.mx\/wp-content\/uploads\/2022\/09\/Ataque-Campo-Militar-1-Ayotzinapa.webp","jetpack_sharing_enabled":true,"_links":{"self":[{"href":"https:\/\/zonaroja.com.mx\/index.php?rest_route=\/wp\/v2\/posts\/46177","targetHints":{"allow":["GET"]}}],"collection":[{"href":"https:\/\/zonaroja.com.mx\/index.php?rest_route=\/wp\/v2\/posts"}],"about":[{"href":"https:\/\/zonaroja.com.mx\/index.php?rest_route=\/wp\/v2\/types\/post"}],"author":[{"embeddable":true,"href":"https:\/\/zonaroja.com.mx\/index.php?rest_route=\/wp\/v2\/users\/2"}],"replies":[{"embeddable":true,"href":"https:\/\/zonaroja.com.mx\/index.php?rest_route=%2Fwp%2Fv2%2Fcomments&post=46177"}],"version-history":[{"count":1,"href":"https:\/\/zonaroja.com.mx\/index.php?rest_route=\/wp\/v2\/posts\/46177\/revisions"}],"predecessor-version":[{"id":46180,"href":"https:\/\/zonaroja.com.mx\/index.php?rest_route=\/wp\/v2\/posts\/46177\/revisions\/46180"}],"wp:featuredmedia":[{"embeddable":true,"href":"https:\/\/zonaroja.com.mx\/index.php?rest_route=\/wp\/v2\/media\/46179"}],"wp:attachment":[{"href":"https:\/\/zonaroja.com.mx\/index.php?rest_route=%2Fwp%2Fv2%2Fmedia&parent=46177"}],"wp:term":[{"taxonomy":"category","embeddable":true,"href":"https:\/\/zonaroja.com.mx\/index.php?rest_route=%2Fwp%2Fv2%2Fcategories&post=46177"},{"taxonomy":"post_tag","embeddable":true,"href":"https:\/\/zonaroja.com.mx\/index.php?rest_route=%2Fwp%2Fv2%2Ftags&post=46177"}],"curies":[{"name":"wp","href":"https:\/\/api.w.org\/{rel}","templated":true}]}}