{"id":4618,"date":"2019-10-07T09:36:41","date_gmt":"2019-10-07T14:36:41","guid":{"rendered":"http:\/\/www.zonaroja.com.mx\/?p=4618"},"modified":"2019-10-07T09:36:45","modified_gmt":"2019-10-07T14:36:45","slug":"van-319-periodistas-asesinados-en-mexico-en-36-anos-fapermex","status":"publish","type":"post","link":"https:\/\/zonaroja.com.mx\/?p=4618","title":{"rendered":"Van 319 periodistas asesinados en M\u00e9xico en 36 a\u00f1os: Fapermex"},"content":{"rendered":"\n<p>Redacci\u00f3n\/Zona\nRoja.<\/p>\n\n\n\n<p>Oaxaca\nde Ju\u00e1rez, Oax., 7 de octubre de 2019.- De 1983 a la fecha, han sido asesinados\n319 periodistas y a la fecha la mayor\u00eda de los casos permanecen en la\nimpunidad, denunci\u00f3 el presidente honorario vitalicio de la Federaci\u00f3n de\nAsociaciones de Periodistas Mexicanos (Fapermex), Teodoro Renter\u00eda Arr\u00f3yave.<\/p>\n\n\n\n<p>\u201c\u00a1Ya\nbasta!, reiteramos a las m\u00e1s altas autoridades del pa\u00eds para que terminen con\nesta vergonzosa impunidad en cuanto a estos atentados, como lo ordenan las\nleyes correspondientes\u201d, dijo desde Oaxaca el tambi\u00e9n secretario de Desarrollo\nSocial de la Federaci\u00f3n Latinoamericana de Periodistas (Felap).<\/p>\n\n\n\n<p>Invitado\npor la Universidad Aut\u00f3noma \u201cBenito Ju\u00e1rez\u201d de Oaxaca y en coordinaci\u00f3n con la\nAsociaci\u00f3n de Periodistas de Oaxaca (APO), Teodoro Renter\u00eda estuvo el fin de\nsemana en la capital de Oaxaca para presentar su libro \u201cMi vida son nuestras\nbatallas\u201d, una historia de las irrestrictas luchas por las libertades de prensa\ny expresi\u00f3n.<\/p>\n\n\n\n<p>En\npresencia de estudiantes y comunicadores que acudieron al Paraninfo de la\nFacultad de Derecho, el destacado periodista exigi\u00f3 el esclarecimiento de los\nataques contra el gremio y justicia para las v\u00edctimas y sus familiares.<\/p>\n\n\n\n<p>\u201cRedoblamos\nel reclamo de justicia y de que se implementen mecanismos de protecci\u00f3n a los\nperiodistas, trabajadores de prensa, de sus familiares y amigos, que tambi\u00e9n\nhan sido victimados en hechos, inclusive directos, para amedrentar a los\ncomunicadores. \u00a1Ya basta!, es nuestro grito permanente.<\/p>\n\n\n\n<p>En\npresencia del rector Eduardo Bautista Mart\u00ednez sostuvo que desde su creaci\u00f3n,\ntanto en la Fapermex como en distintos gremios period\u00edsticos y trincheras, ha\ndenunciado p\u00fablicamente las continuas agresiones a periodistas y la nula acci\u00f3n\nde la autoridad.<\/p>\n\n\n\n<p>\u201cHacemos un llamado al Presidente Andr\u00e9s Manuel L\u00f3pez Obrador, al Congreso de la Uni\u00f3n, a los gobernadores de las entidades federativas y a los Congresos locales para que atiendan a la brevedad la agenda legislativa pendiente del periodista\u201d, dijo.<\/p>\n\n\n\n<figure class=\"wp-block-embed-twitter wp-block-embed is-type-rich is-provider-twitter\"><div class=\"wp-block-embed__wrapper\">\n<div class=\"twitter-tweet\"><blockquote class=\"twitter-tweet\" data-lang=\"es\"><p lang=\"es\" dir=\"ltr\">En presencia del rector <a href=\"https:\/\/twitter.com\/Bautistaeduardo?ref_src=twsrc%5Etfw\">@Bautistaeduardo<\/a> y durante la presentaci\u00f3n de su libro, el escritor y periodista Teodoro Renter\u00eda habl\u00f3 de las agresiones a la prensa y las descalificaciones de las autoridades hacia quienes han sufrido un ataque, en lugar de investigar.<a href=\"https:\/\/twitter.com\/escaparate_oax?ref_src=twsrc%5Etfw\">@escaparate_oax<\/a> <a href=\"https:\/\/t.co\/P5ek4n0HIH\">pic.twitter.com\/P5ek4n0HIH<\/a><\/p>&mdash; Zona Roja Oaxaca (@MexRoja) <a href=\"https:\/\/twitter.com\/MexRoja\/status\/1180629673258172421?ref_src=twsrc%5Etfw\">5 de octubre de 2019<\/a><\/blockquote><\/div>\n<\/div><\/figure>\n\n\n\n<p>Del\nrecuento de agravios que hizo, hasta el 2 de octubre de este a\u00f1o, en lo que va\ndel gobierno de Andr\u00e9s Manuel L\u00f3pez Obrador suman 15 asesinatos, 14 periodistas\ny un trabajador de prensa.<\/p>\n\n\n\n<p>Del\na\u00f1o 2000 a la fecha son 253 cr\u00edmenes, de ellos 217 de periodistas, tres\nlocutores, 11 de trabajadores de prensa, 11 familiares, nueve amigos de\ncomunicadores y dos civiles.<\/p>\n\n\n\n<p>De\n1983 a la fecha, seg\u00fan el monitoreo que realizan, van 319 asesinatos de los\ncuales 279 son periodistas. De la misma manera, hay 28 desapariciones forzadas \u2013una\nde ellas en Oaxaca&#8211; pendientes de aclaraci\u00f3n.<\/p>\n\n\n\n<p>Arnulfo\nDom\u00ednguez Cordero, subsecretario de Finanzas del Colegio Nacional de\nLicenciados en Periodismo, habl\u00f3 de la amplia trayectoria de Teodoro Renter\u00eda y\nde las distintas acciones que ha promovido a favor del gremio period\u00edstico.<\/p>\n\n\n\n<p>Por su parte, el rector de la UABJO, Eduardo Bautista Mart\u00ednez, anfitri\u00f3n del encuentro, destac\u00f3 la labor del fundador de la Fapermex y expres\u00f3 su determinaci\u00f3n para seguir colaborando, academia y medios de comunicaci\u00f3n, en favor de la libertad de expresi\u00f3n.<\/p>\n\n\n\n<figure class=\"wp-block-embed-twitter wp-block-embed is-type-rich is-provider-twitter\"><div class=\"wp-block-embed__wrapper\">\n<div class=\"twitter-tweet\"><blockquote class=\"twitter-tweet\" data-lang=\"es\"><p lang=\"es\" dir=\"ltr\">En la presentaci\u00f3n del libro \u201cMi vida son nuestras batallas\u201d, el rector de la <a href=\"https:\/\/twitter.com\/UABJO?ref_src=twsrc%5Etfw\">@UABJO<\/a>, <a href=\"https:\/\/twitter.com\/Bautistaeduardo?ref_src=twsrc%5Etfw\">@Bautistaeduardo<\/a>, agradeci\u00f3 la presencia del escritor y periodista Teodoro Renter\u00eda. Destac\u00f3 la gran aportaci\u00f3n de Oaxaca a la historia nacional y en diversas luchas sociales. <a href=\"https:\/\/twitter.com\/escaparate_oax?ref_src=twsrc%5Etfw\">@escaparate_oax<\/a> <a href=\"https:\/\/t.co\/kMQXwKnj2p\">pic.twitter.com\/kMQXwKnj2p<\/a><\/p>&mdash; Zona Roja Oaxaca (@MexRoja) <a href=\"https:\/\/twitter.com\/MexRoja\/status\/1180686030409736192?ref_src=twsrc%5Etfw\">6 de octubre de 2019<\/a><\/blockquote><\/div>\n<\/div><\/figure>\n\n\n\n<p>\u201cTenemos\nque continuar con las luchas de libertades; las batallas no terminan, las\nluchas no est\u00e1n acabadas, que hace falta mucho por hacer, tenemos que\narticularnos a partir del apreciado derecho de la sociedad a ser informados, a tener\nacceso y hacer factible el derecho a la informaci\u00f3n, como una de las libertades\nm\u00e1s preciosas que nos van a permitir avanzar con mayor prontitud a procesos\ndemocr\u00e1ticos de avanzada.<\/p>\n\n\n\n<p>\u201cSi\nno existe el derecho a la informaci\u00f3n, si \u00e9ste no se materializa en libertades\nconcretas, dif\u00edcilmente podemos avanzar o decir que estamos avanzando hacia una\nsociedad democr\u00e1tica. Hay una sociedad m\u00e1s exigente, m\u00e1s participativa, que\ninsisten en abrir sistemas cerrados, sistemas autoritarios, en abrir esas cajas\nque han ocultado las relaciones de poder\u201d, manifest\u00f3 en su mensaje.<\/p>\n","protected":false},"excerpt":{"rendered":"<p>Redacci\u00f3n\/Zona Roja. Oaxaca de Ju\u00e1rez, Oax., 7 de octubre de 2019.- De 1983 a la&hellip;<\/p>\n","protected":false},"author":2,"featured_media":4619,"comment_status":"closed","ping_status":"open","sticky":false,"template":"","format":"standard","meta":{"_lmt_disableupdate":"","_lmt_disable":"","_jetpack_memberships_contains_paid_content":false,"footnotes":""},"categories":[109,47],"tags":[817,282],"class_list":["post-4618","post","type-post","status-publish","format-standard","has-post-thumbnail","hentry","category-minuto-a-minuto","category-zona-gris","tag-teodoro-renteria-arroyave","tag-universidad-autonoma-benito-juarez-de-oaxaca"],"jetpack_featured_media_url":"https:\/\/zonaroja.com.mx\/wp-content\/uploads\/2019\/10\/IMG_5211.jpg","jetpack_sharing_enabled":true,"_links":{"self":[{"href":"https:\/\/zonaroja.com.mx\/index.php?rest_route=\/wp\/v2\/posts\/4618","targetHints":{"allow":["GET"]}}],"collection":[{"href":"https:\/\/zonaroja.com.mx\/index.php?rest_route=\/wp\/v2\/posts"}],"about":[{"href":"https:\/\/zonaroja.com.mx\/index.php?rest_route=\/wp\/v2\/types\/post"}],"author":[{"embeddable":true,"href":"https:\/\/zonaroja.com.mx\/index.php?rest_route=\/wp\/v2\/users\/2"}],"replies":[{"embeddable":true,"href":"https:\/\/zonaroja.com.mx\/index.php?rest_route=%2Fwp%2Fv2%2Fcomments&post=4618"}],"version-history":[{"count":1,"href":"https:\/\/zonaroja.com.mx\/index.php?rest_route=\/wp\/v2\/posts\/4618\/revisions"}],"predecessor-version":[{"id":4620,"href":"https:\/\/zonaroja.com.mx\/index.php?rest_route=\/wp\/v2\/posts\/4618\/revisions\/4620"}],"wp:featuredmedia":[{"embeddable":true,"href":"https:\/\/zonaroja.com.mx\/index.php?rest_route=\/wp\/v2\/media\/4619"}],"wp:attachment":[{"href":"https:\/\/zonaroja.com.mx\/index.php?rest_route=%2Fwp%2Fv2%2Fmedia&parent=4618"}],"wp:term":[{"taxonomy":"category","embeddable":true,"href":"https:\/\/zonaroja.com.mx\/index.php?rest_route=%2Fwp%2Fv2%2Fcategories&post=4618"},{"taxonomy":"post_tag","embeddable":true,"href":"https:\/\/zonaroja.com.mx\/index.php?rest_route=%2Fwp%2Fv2%2Ftags&post=4618"}],"curies":[{"name":"wp","href":"https:\/\/api.w.org\/{rel}","templated":true}]}}