{"id":46181,"date":"2022-09-24T16:49:48","date_gmt":"2022-09-24T21:49:48","guid":{"rendered":"https:\/\/www.zonaroja.com.mx\/?p=46181"},"modified":"2022-09-24T16:49:49","modified_gmt":"2022-09-24T21:49:49","slug":"acredita-teeo-violencia-de-genero-de-edil-efeperrista-de-miahuatlan","status":"publish","type":"post","link":"https:\/\/zonaroja.com.mx\/?p=46181","title":{"rendered":"Acredita TEEO violencia de g\u00e9nero de edil efeperrista de Miahuatl\u00e1n"},"content":{"rendered":"\n<p>Yuridiana Sosa\/ Zona Roja.&nbsp;<\/p>\n\n\n\n<p>Oaxaca de Ju\u00e1rez, Oax., 24 de septiembre de 2022.- El Tribunal Electoral del Estado de Oaxaca (TEEO) acredit\u00f3 la existencia de violencia pol\u00edtica en raz\u00f3n de g\u00e9nero cometida por el edil de Miahuatl\u00e1n de Porfirio D\u00edaz, Jos\u00e9 Alberto Mart\u00ednez Luna, y otro funcionario municipal, contra una regidora.<\/p>\n\n\n\n<p>El \u00e1rbitro electoral indic\u00f3 que el agravio, acentuado en el JDC\/647\/2022 por obstrucci\u00f3n al ejercicio del cargo, qued\u00f3 fundado en la omisi\u00f3n de responder las solicitudes realizadas por la actora y parcialmente fundado el relativo a que no se le han entregado materiales insumos de oficina y equipo adecuado para llevar a cabo las funciones propias de la regidur\u00eda<\/p>\n\n\n\n<p>Por lo que el TEEO dict\u00f3 medidas de reparaci\u00f3n integral a favor de la regidora de Obras P\u00fablicas, Xitlalli Garc\u00eda Silva, quien en mayo de este a\u00f1o denunci\u00f3 p\u00fablicamente los actos, de los que era v\u00edctima desde el inicio de la administraci\u00f3n, en enero de este a\u00f1o. <\/p>\n\n\n\n<p>El presidente municipal emanado del Partido Unidad Popular (PUP) pero cobijado en el Frente Popular Revolucionario (FPR), del que era l\u00edder su fallecido padre Tom\u00e1s Mart\u00ednez, violentaba a la regidora junto con el director de Obras, Jes\u00fas Arellano y la direcci\u00f3n de Infraestructura y Servicios Municipales, quienes tambi\u00e9n forman parte de la sentencia del TEEO.<\/p>\n\n\n\n<p>Durante la conferencia, en mayo, la regidora Garc\u00eda Silva y la directora de Educaci\u00f3n, Yuliana Venegas Ram\u00edrez \u2013tambi\u00e9n violentada- &nbsp;denunciaron que el edil es fiel a la organizaci\u00f3n a la que pertenec\u00eda su padre (asesinado en agosto de 2020) al privilegiar cargos a simpatizantes del FPR.<\/p>\n\n\n\n<p>El comportamiento de Jos\u00e9 Alberto Mart\u00ednez Luna como funcionario contrasta en su concepto de justicia, pues mientras exige justicia por el crimen su padre, de la mano del FRP, comet\u00eda violencia pol\u00edtica por raz\u00f3n de g\u00e9nero con Garc\u00eda Silva.<\/p>\n\n\n\n<p>A la regidora adem\u00e1s de negarle recursos materiales tampoco la dej\u00f3 tomar decisiones, tener conocimiento en actividades de su competencia y recibi\u00f3 tratos humillantes.<\/p>\n","protected":false},"excerpt":{"rendered":"<p>Yuridiana Sosa\/ Zona Roja.&nbsp; Oaxaca de Ju\u00e1rez, Oax., 24 de septiembre de 2022.- El Tribunal&hellip;<\/p>\n","protected":false},"author":2,"featured_media":41325,"comment_status":"closed","ping_status":"open","sticky":false,"template":"","format":"standard","meta":{"_lmt_disableupdate":"","_lmt_disable":"","_jetpack_memberships_contains_paid_content":false,"footnotes":""},"categories":[109,47],"tags":[],"class_list":["post-46181","post","type-post","status-publish","format-standard","has-post-thumbnail","hentry","category-minuto-a-minuto","category-zona-gris"],"jetpack_featured_media_url":"https:\/\/zonaroja.com.mx\/wp-content\/uploads\/2022\/05\/Jose-Alberto-Martinez-Luna-Miahuatlan.jpg","jetpack_sharing_enabled":true,"_links":{"self":[{"href":"https:\/\/zonaroja.com.mx\/index.php?rest_route=\/wp\/v2\/posts\/46181","targetHints":{"allow":["GET"]}}],"collection":[{"href":"https:\/\/zonaroja.com.mx\/index.php?rest_route=\/wp\/v2\/posts"}],"about":[{"href":"https:\/\/zonaroja.com.mx\/index.php?rest_route=\/wp\/v2\/types\/post"}],"author":[{"embeddable":true,"href":"https:\/\/zonaroja.com.mx\/index.php?rest_route=\/wp\/v2\/users\/2"}],"replies":[{"embeddable":true,"href":"https:\/\/zonaroja.com.mx\/index.php?rest_route=%2Fwp%2Fv2%2Fcomments&post=46181"}],"version-history":[{"count":1,"href":"https:\/\/zonaroja.com.mx\/index.php?rest_route=\/wp\/v2\/posts\/46181\/revisions"}],"predecessor-version":[{"id":46182,"href":"https:\/\/zonaroja.com.mx\/index.php?rest_route=\/wp\/v2\/posts\/46181\/revisions\/46182"}],"wp:featuredmedia":[{"embeddable":true,"href":"https:\/\/zonaroja.com.mx\/index.php?rest_route=\/wp\/v2\/media\/41325"}],"wp:attachment":[{"href":"https:\/\/zonaroja.com.mx\/index.php?rest_route=%2Fwp%2Fv2%2Fmedia&parent=46181"}],"wp:term":[{"taxonomy":"category","embeddable":true,"href":"https:\/\/zonaroja.com.mx\/index.php?rest_route=%2Fwp%2Fv2%2Fcategories&post=46181"},{"taxonomy":"post_tag","embeddable":true,"href":"https:\/\/zonaroja.com.mx\/index.php?rest_route=%2Fwp%2Fv2%2Ftags&post=46181"}],"curies":[{"name":"wp","href":"https:\/\/api.w.org\/{rel}","templated":true}]}}