{"id":46183,"date":"2022-09-24T18:06:44","date_gmt":"2022-09-24T23:06:44","guid":{"rendered":"http:\/\/www.zonaroja.com.mx\/?p=46183"},"modified":"2022-09-24T18:06:45","modified_gmt":"2022-09-24T23:06:45","slug":"a-finales-de-septiembre-inicia-la-temporada-de-frentes-frios","status":"publish","type":"post","link":"https:\/\/zonaroja.com.mx\/?p=46183","title":{"rendered":"A finales de septiembre inicia la temporada de frentes fr\u00edos"},"content":{"rendered":"\n<p>Redacci\u00f3n\/Zona Roja.<\/p>\n\n\n\n<p>Oaxaca de Ju\u00e1rez, Oax., a 24 de septiembre de 2022. La Coordinaci\u00f3n Estatal de Protecci\u00f3n Civil de Oaxaca (CEPCO) dio a conocer que durante los \u00faltimos d\u00edas de septiembre se presentar\u00e1n los primeros frentes fr\u00edos de la temporada, la cual finalizar\u00e1 en mayo.<\/p>\n\n\n\n<p>Con base en datos del Sistema Meteorol\u00f3gico Nacional (SMN), se tiene un pron\u00f3stico de 51 sistemas frontales, siendo enero cuando pueda presentarse el mayor n\u00famero.<\/p>\n\n\n\n<p>Derivado de estos sistemas, la sensaci\u00f3n t\u00e9rmica comenzar\u00e1 a descender en los pr\u00f3ximos d\u00edas, con la posibilidad de registrar temperaturas por debajo de los cero grados en la Sierra Norte, Sierra Sur, zona Mixe, Sierra Mazateca y la Mixteca, mientras que, en los Valles Centrales y la capital del estado, el term\u00f3metro pudiera llegar hasta los tres grados cuando exista la presencia de una masa de aire fr\u00edo en territorio oaxaque\u00f1o.<\/p>\n\n\n\n<p>La temporada de frentes fr\u00edos ir\u00e1 de septiembre 2022 a mayo 2023, con pron\u00f3stico de dos en septiembre, cinco en octubre, seis en noviembre, ocho en diciembre, nueve en enero, siete en febrero, siete en marzo, seis en abril y uno en mayo.<\/p>\n\n\n\n<p>La Coordinaci\u00f3n Estatal recomend\u00f3 a la poblaci\u00f3n estar preparados ante la llegada invernal, informando a las autoridades sobre la localizaci\u00f3n de grupos o personas m\u00e1s vulnerables; procurar y fomentar, entre la familia y comunidad, las medidas de autoprotecci\u00f3n; comer frutas y verduras amarillas ricas en vitaminas A y C; solicitar informaci\u00f3n sobre la ubicaci\u00f3n de los refugios temporales, as\u00ed como estar atentos a la informaci\u00f3n que las autoridades municipales y estatales.<\/p>\n\n\n\n<p>Durante los frentes fr\u00edos, permanecer resguardado en el interior de su casa y procurar salir solamente en caso necesario, abrigarse con ropa gruesa, protegerse el rostro y la cabeza, evitar la entrada de aire fr\u00edo en los pulmones, usar suficientes cobijas durante la noche, usar chimeneas, calentadores u hornillos en caso de que el fr\u00edo sea muy intenso y las cobijas no sean suficientes, siempre y cuando exista una ventilaci\u00f3n adecuada, de no ser as\u00ed se pueden presentar intoxicaci\u00f3n por mon\u00f3xido de carbono.<\/p>\n\n\n\n<p>La CEPCO inform\u00f3 que los frentes fr\u00edos son fen\u00f3menos meteorol\u00f3gicos caracter\u00edsticos de la temporada invernal, sin embargo, afectan por lo menos en tres estaciones del a\u00f1o.&nbsp;<\/p>\n\n\n\n<p>En Oaxaca, regularmente, afecta en tres etapas: de transici\u00f3n a finales de septiembre y principios de octubre, con lluvias y tormentas; cr\u00edtica, durante noviembre, diciembre y enero, cuando la temperatura desciende en ocasiones hasta por debajo del nivel de congelaci\u00f3n; y finalmente, de febrero a marzo, se presentan vientos del norte en la zona del Istmo y Golfo de Tehuantepec, y granizadas en los Valles Centrales.<\/p>\n","protected":false},"excerpt":{"rendered":"<p>Redacci\u00f3n\/Zona Roja. Oaxaca de Ju\u00e1rez, Oax., a 24 de septiembre de 2022. La Coordinaci\u00f3n Estatal&hellip;<\/p>\n","protected":false},"author":2,"featured_media":5682,"comment_status":"closed","ping_status":"open","sticky":false,"template":"","format":"standard","meta":{"_lmt_disableupdate":"","_lmt_disable":"","_jetpack_memberships_contains_paid_content":false,"footnotes":""},"categories":[109,47],"tags":[],"class_list":["post-46183","post","type-post","status-publish","format-standard","has-post-thumbnail","hentry","category-minuto-a-minuto","category-zona-gris"],"jetpack_featured_media_url":"https:\/\/zonaroja.com.mx\/wp-content\/uploads\/2019\/11\/fr\u00edo.jpg","jetpack_sharing_enabled":true,"_links":{"self":[{"href":"https:\/\/zonaroja.com.mx\/index.php?rest_route=\/wp\/v2\/posts\/46183","targetHints":{"allow":["GET"]}}],"collection":[{"href":"https:\/\/zonaroja.com.mx\/index.php?rest_route=\/wp\/v2\/posts"}],"about":[{"href":"https:\/\/zonaroja.com.mx\/index.php?rest_route=\/wp\/v2\/types\/post"}],"author":[{"embeddable":true,"href":"https:\/\/zonaroja.com.mx\/index.php?rest_route=\/wp\/v2\/users\/2"}],"replies":[{"embeddable":true,"href":"https:\/\/zonaroja.com.mx\/index.php?rest_route=%2Fwp%2Fv2%2Fcomments&post=46183"}],"version-history":[{"count":1,"href":"https:\/\/zonaroja.com.mx\/index.php?rest_route=\/wp\/v2\/posts\/46183\/revisions"}],"predecessor-version":[{"id":46184,"href":"https:\/\/zonaroja.com.mx\/index.php?rest_route=\/wp\/v2\/posts\/46183\/revisions\/46184"}],"wp:featuredmedia":[{"embeddable":true,"href":"https:\/\/zonaroja.com.mx\/index.php?rest_route=\/wp\/v2\/media\/5682"}],"wp:attachment":[{"href":"https:\/\/zonaroja.com.mx\/index.php?rest_route=%2Fwp%2Fv2%2Fmedia&parent=46183"}],"wp:term":[{"taxonomy":"category","embeddable":true,"href":"https:\/\/zonaroja.com.mx\/index.php?rest_route=%2Fwp%2Fv2%2Fcategories&post=46183"},{"taxonomy":"post_tag","embeddable":true,"href":"https:\/\/zonaroja.com.mx\/index.php?rest_route=%2Fwp%2Fv2%2Ftags&post=46183"}],"curies":[{"name":"wp","href":"https:\/\/api.w.org\/{rel}","templated":true}]}}