{"id":46185,"date":"2022-09-24T18:16:50","date_gmt":"2022-09-24T23:16:50","guid":{"rendered":"http:\/\/www.zonaroja.com.mx\/?p=46185"},"modified":"2022-09-24T18:16:52","modified_gmt":"2022-09-24T23:16:52","slug":"en-su-marca-y-lista-desde-berlin-la-maratonista-oaxaquena-amelia-garcia","status":"publish","type":"post","link":"https:\/\/zonaroja.com.mx\/?p=46185","title":{"rendered":"En su marca y lista, desde Berl\u00edn la maratonista oaxaque\u00f1a Amelia Garc\u00eda"},"content":{"rendered":"\n<p>Yuridiana Sosa\/Zona Roja.<\/p>\n\n\n\n<p>Oaxaca de Ju\u00e1rez, Oax., 24 de septiembre de 2022.- Tras dos a\u00f1os de espera, la m\u00e9dica de profesi\u00f3n Amelia Garc\u00eda, se encuentra lista y preparada para vivir su cuatro \u201cmajor\u201d marat\u00f3n mundial en Berl\u00edn, Alemania, este 25 de septiembre.<\/p>\n\n\n\n<p>Junto a cientos de mexicanos, la profesionista, de m\u00e1s de 60 a\u00f1os de edad, recorrer\u00e1 m\u00e1s de 42 kil\u00f3metros, los cuales lo har\u00e1 \u201csin l\u00edmites y con el coraz\u00f3n\u201d, pues la vida le permiti\u00f3 estar en ese sitio tras la suspensi\u00f3n de la competencia por la pandemia de Covid-19, la cual super\u00f3.<\/p>\n\n\n\n<p>El Marat\u00f3n de Berl\u00edn (BMW Berl\u00edn Marathon) es de las competencias m\u00e1s importantes del mundo en el atletismo.<\/p>\n\n\n\n<p>Para Amelia Garc\u00eda se convertir\u00e1 en una de las experiencias m\u00e1s grandes en su pasi\u00f3n deportiva, luego de iniciar su carrera como maratonista hace poco m\u00e1s de 20 a\u00f1os, desde cuando tambi\u00e9n comenz\u00f3 a participar en el \u00e1mbito internacional.<\/p>\n\n\n\n<p>La m\u00e9dica ha corrido las pistas de un \u201cMajor\u201d en Nueva York, Bost\u00f3n y Chicago; pero su carrera no la piensa detener en Berl\u00edn, sus metas a futuro tambi\u00e9n est\u00e1n en el marat\u00f3n de Tokio en marzo 2024.<\/p>\n\n\n\n<p>Previo al encuentro de m\u00e1s de 45 mil atletas de 150 pa\u00edses, la maratonista oaxaque\u00f1a comparti\u00f3 im\u00e1genes de su estancia, as\u00ed como de su recibimiento en la &nbsp;Embajada de M\u00e9xico en Berl\u00edn, donde convivi\u00f3 con otros mexicanos que tambi\u00e9n participar\u00e1n.<\/p>\n\n\n\n<p>En su historial cuenta con al menos 11 competencias internacionales y entre sus \u00faltimas participaciones se encuentra la del a\u00f1o 2018, en Hartford, Estados Unidos, en la categor\u00eda de 60 y 64 a\u00f1os, femenil.\u00a0<\/p>\n\n\n\n<figure class=\"wp-block-embed is-type-rich is-provider-twitter wp-block-embed-twitter\"><div class=\"wp-block-embed__wrapper\">\n<div class=\"twitter-tweet\"><blockquote class=\"twitter-tweet\" data-lang=\"es\"><p lang=\"es\" dir=\"ltr\">\u201cCorrer, correr sin l\u00edmites y con el coraz\u00f3n\u201d, ese es el plan deportivo que se ha trazado la doctora Amelia Garc\u00eda, quien m\u00e1s all\u00e1 del resultado, cruzar la meta en Berl\u00edn ser\u00e1 el premio a una carrera deportiva que en el horizonte ya se traza nuevos retos deportivos. <a href=\"https:\/\/t.co\/aBElvQrGQ5\">pic.twitter.com\/aBElvQrGQ5<\/a><\/p>&mdash; Territorio Score (@Territorioscore) <a href=\"https:\/\/twitter.com\/Territorioscore\/status\/1573435192928505856?ref_src=twsrc%5Etfw\">23 de septiembre de 2022<\/a><\/blockquote><\/div>\n<\/div><\/figure>\n","protected":false},"excerpt":{"rendered":"<p>Yuridiana Sosa\/Zona Roja. Oaxaca de Ju\u00e1rez, Oax., 24 de septiembre de 2022.- Tras dos a\u00f1os&hellip;<\/p>\n","protected":false},"author":2,"featured_media":46186,"comment_status":"closed","ping_status":"open","sticky":false,"template":"","format":"standard","meta":{"_lmt_disableupdate":"","_lmt_disable":"","_jetpack_memberships_contains_paid_content":false,"footnotes":""},"categories":[109,46],"tags":[3268],"class_list":["post-46185","post","type-post","status-publish","format-standard","has-post-thumbnail","hentry","category-minuto-a-minuto","category-zona-blanca","tag-amalia-garcia-maraton"],"jetpack_featured_media_url":"https:\/\/zonaroja.com.mx\/wp-content\/uploads\/2022\/09\/Amalia-Garcia-maratonista-oaxaquena.jpeg","jetpack_sharing_enabled":true,"_links":{"self":[{"href":"https:\/\/zonaroja.com.mx\/index.php?rest_route=\/wp\/v2\/posts\/46185","targetHints":{"allow":["GET"]}}],"collection":[{"href":"https:\/\/zonaroja.com.mx\/index.php?rest_route=\/wp\/v2\/posts"}],"about":[{"href":"https:\/\/zonaroja.com.mx\/index.php?rest_route=\/wp\/v2\/types\/post"}],"author":[{"embeddable":true,"href":"https:\/\/zonaroja.com.mx\/index.php?rest_route=\/wp\/v2\/users\/2"}],"replies":[{"embeddable":true,"href":"https:\/\/zonaroja.com.mx\/index.php?rest_route=%2Fwp%2Fv2%2Fcomments&post=46185"}],"version-history":[{"count":1,"href":"https:\/\/zonaroja.com.mx\/index.php?rest_route=\/wp\/v2\/posts\/46185\/revisions"}],"predecessor-version":[{"id":46187,"href":"https:\/\/zonaroja.com.mx\/index.php?rest_route=\/wp\/v2\/posts\/46185\/revisions\/46187"}],"wp:featuredmedia":[{"embeddable":true,"href":"https:\/\/zonaroja.com.mx\/index.php?rest_route=\/wp\/v2\/media\/46186"}],"wp:attachment":[{"href":"https:\/\/zonaroja.com.mx\/index.php?rest_route=%2Fwp%2Fv2%2Fmedia&parent=46185"}],"wp:term":[{"taxonomy":"category","embeddable":true,"href":"https:\/\/zonaroja.com.mx\/index.php?rest_route=%2Fwp%2Fv2%2Fcategories&post=46185"},{"taxonomy":"post_tag","embeddable":true,"href":"https:\/\/zonaroja.com.mx\/index.php?rest_route=%2Fwp%2Fv2%2Ftags&post=46185"}],"curies":[{"name":"wp","href":"https:\/\/api.w.org\/{rel}","templated":true}]}}