{"id":46190,"date":"2022-09-25T09:24:00","date_gmt":"2022-09-25T14:24:00","guid":{"rendered":"http:\/\/www.zonaroja.com.mx\/?p=46190"},"modified":"2022-09-25T06:41:54","modified_gmt":"2022-09-25T11:41:54","slug":"ocho-dias-de-protestas-dejan-en-iran-saldo-de-41-muertos","status":"publish","type":"post","link":"https:\/\/zonaroja.com.mx\/?p=46190","title":{"rendered":"Ocho d\u00edas de protestas dejan en Ir\u00e1n saldo de 41 muertos"},"content":{"rendered":"\n<p>Redacci\u00f3n\/Zona Roja Cdmx.<\/p>\n\n\n\n<p>Ciudad de M\u00e9xico, a 25 de septiembre de 2022.- Decenas de protestas antigubernamentales continuaron ayer en distintas ciudades de Ir\u00e1n por octavo d\u00eda consecutivo, por la muerte de la joven kurdo-iran\u00ed Mahsa Amini, de 22 a\u00f1os, mientras estaba bajo custodia policial por usar mal el velo isl\u00e1mico.&nbsp;<\/p>\n\n\n\n<p>Las movilizaciones estallaron nuevamente anoche en Rasht, capital de la provincia de Guil\u00e1n, as\u00ed como en varias partes de Teher\u00e1n, seg\u00fan videos publicados en las redes sociales.<\/p>\n\n\n\n<p>La polic\u00eda antidisturbios se despleg\u00f3 en gran n\u00famero en el norte de la capital del pa\u00eds despu\u00e9s del anochecer, confirmaron testigos a la agencia de noticias Afp.<\/p>\n\n\n\n<p>La televisi\u00f3n estatal transmiti\u00f3 im\u00e1genes de \u201calborotadores\u201d en las calles del norte y oeste de Teher\u00e1n, as\u00ed como en \u201calgunas provincias\u201d, quienes supuestamente hab\u00edan incendiado propiedades p\u00fablicas y privadas.<\/p>\n\n\n\n<p>Adem\u00e1s, los inconformes \u201ctomaron el control\u201d de partes de la ciudad de Oshnavieh, en la provincia de Azerbaiy\u00e1n Occidental, inform\u00f3 la ONG kurda de defensa de los derechos Hengaw, con sede en Noruega.<\/p>\n\n\n\n<p>El Poder Judicial iran\u00ed reconoci\u00f3 que los disidentes \u201catacaron tres bases de Basij\u201d, una milicia isl\u00e1mica que trabaja bajo \u00f3rdenes del Estado, en Oshnavieh, pero neg\u00f3 que las fuerzas de seguridad perdieran el control de la ciudad.<\/p>\n\n\n\n<p>En algunos videos de las protestas de antier se vio disparar a las fuerzas de seguridad en las ciudades de Piranshahr, Mahabad y Urmia con lo que pareci\u00f3 ser munici\u00f3n real contra personas desarmadas.<\/p>\n\n\n\n<p>La televisi\u00f3n estatal elev\u00f3 ayer a 41 el n\u00famero de muertos, a causa de los enfrentamientos entre las fuerzas del orden y manifestantes.<\/p>\n\n\n\n<p>Cientos de disidentes y de activistas han sido arrestados durante los ocho d\u00edas de protestas. Tan s\u00f3lo en la provincia de Guil\u00e1n, la polic\u00eda detuvo a m\u00e1s de 739 personas, entre ellas 60 mujeres, inform\u00f3 el general Azizollah Maleki, jefe de la polic\u00eda local.<\/p>\n\n\n\n<p>El Comit\u00e9 para la Protecci\u00f3n de los Periodistas indic\u00f3 que al menos 17 de sus colegas fueron arrestados, entre ellos Niloufar Hamedi, del diario reformista Shargh, que hizo cobertura sobre la muerte de Amini.<\/p>\n\n\n\n<p>El presidente ultraconservador Ebrahim Raisi asegur\u00f3 que Ir\u00e1n debe \u201cenfrentarse con decisi\u00f3n a quienes se oponen a la seguridad y la tranquilidad del pa\u00eds\u201d.&nbsp;<\/p>\n\n\n\n<p>El mandatario subray\u00f3 la \u201cnecesidad de distinguir entre la protesta y la perturbaci\u00f3n del orden p\u00fablico y la seguridad, y calific\u00f3 los sucesos (&#8230;) de disturbios\u201d, informaron los medios estatales.<\/p>\n\n\n\n<p>El principal partido reformista de Ir\u00e1n exhort\u00f3 al Estado a acabar con la obligaci\u00f3n para las mujeres de llevar velo en p\u00fablico.<\/p>\n\n\n\n<p>En Europa, cientos de personas se manifestaron ayer en Par\u00eds, Atenas, Madrid y otras ciudades para denunciar la represi\u00f3n de las autoridades en Ir\u00e1n contra las protestas.<\/p>\n\n\n\n<p>La joven Amini fue detenida el pasado d\u00eda 13 en Teher\u00e1n por la polic\u00eda moral, encargada de hacer cumplir el estricto c\u00f3digo de vestimenta de Ir\u00e1n. Tres d\u00edas despu\u00e9s muri\u00f3 en el hospital y con ello se provocaron movilizaciones nocturnas en las principales ciudades de Ir\u00e1n. El ministro del Interior iran\u00ed, Ahmad Vahidi, asegur\u00f3 que las pruebas m\u00e9dicas forenses descartan que Amini falleciera a consecuencia de golpes por parte de las fuerzas de seguridad.<\/p>\n\n\n\n<p>(Informaci\u00f3n de agencias internacionales en \u201cLa Jornada\u201d)<\/p>\n","protected":false},"excerpt":{"rendered":"<p>Redacci\u00f3n\/Zona Roja Cdmx. Ciudad de M\u00e9xico, a 25 de septiembre de 2022.- Decenas de protestas&hellip;<\/p>\n","protected":false},"author":2,"featured_media":46191,"comment_status":"closed","ping_status":"open","sticky":false,"template":"","format":"standard","meta":{"_lmt_disableupdate":"","_lmt_disable":"","_jetpack_memberships_contains_paid_content":false,"footnotes":""},"categories":[109,47],"tags":[],"class_list":["post-46190","post","type-post","status-publish","format-standard","has-post-thumbnail","hentry","category-minuto-a-minuto","category-zona-gris"],"jetpack_featured_media_url":"https:\/\/zonaroja.com.mx\/wp-content\/uploads\/2022\/09\/Disturbios-en-Iran-por-muerte-de-joven.jpeg","jetpack_sharing_enabled":true,"_links":{"self":[{"href":"https:\/\/zonaroja.com.mx\/index.php?rest_route=\/wp\/v2\/posts\/46190","targetHints":{"allow":["GET"]}}],"collection":[{"href":"https:\/\/zonaroja.com.mx\/index.php?rest_route=\/wp\/v2\/posts"}],"about":[{"href":"https:\/\/zonaroja.com.mx\/index.php?rest_route=\/wp\/v2\/types\/post"}],"author":[{"embeddable":true,"href":"https:\/\/zonaroja.com.mx\/index.php?rest_route=\/wp\/v2\/users\/2"}],"replies":[{"embeddable":true,"href":"https:\/\/zonaroja.com.mx\/index.php?rest_route=%2Fwp%2Fv2%2Fcomments&post=46190"}],"version-history":[{"count":1,"href":"https:\/\/zonaroja.com.mx\/index.php?rest_route=\/wp\/v2\/posts\/46190\/revisions"}],"predecessor-version":[{"id":46192,"href":"https:\/\/zonaroja.com.mx\/index.php?rest_route=\/wp\/v2\/posts\/46190\/revisions\/46192"}],"wp:featuredmedia":[{"embeddable":true,"href":"https:\/\/zonaroja.com.mx\/index.php?rest_route=\/wp\/v2\/media\/46191"}],"wp:attachment":[{"href":"https:\/\/zonaroja.com.mx\/index.php?rest_route=%2Fwp%2Fv2%2Fmedia&parent=46190"}],"wp:term":[{"taxonomy":"category","embeddable":true,"href":"https:\/\/zonaroja.com.mx\/index.php?rest_route=%2Fwp%2Fv2%2Fcategories&post=46190"},{"taxonomy":"post_tag","embeddable":true,"href":"https:\/\/zonaroja.com.mx\/index.php?rest_route=%2Fwp%2Fv2%2Ftags&post=46190"}],"curies":[{"name":"wp","href":"https:\/\/api.w.org\/{rel}","templated":true}]}}