{"id":46193,"date":"2022-09-25T08:58:00","date_gmt":"2022-09-25T13:58:00","guid":{"rendered":"http:\/\/www.zonaroja.com.mx\/?p=46193"},"modified":"2022-09-25T08:56:05","modified_gmt":"2022-09-25T13:56:05","slug":"sin-localizar-15-personas-desparecidas-en-una-semana-en-oaxaca","status":"publish","type":"post","link":"https:\/\/zonaroja.com.mx\/?p=46193","title":{"rendered":"Sin localizar 15 personas desparecidas en una semana en Oaxaca"},"content":{"rendered":"\n<p>Yuridiana Sosa\/ Zona Roja.<\/p>\n\n\n\n<p>Oaxaca de Ju\u00e1rez, Oax., 24 de septiembre de 2022.- &nbsp;Familiares de 15 personas desaparecidas desde hace una semana en territorio oaxaque\u00f1o siguen en la b\u00fasqueda de menores de edad, adolescentes, mujeres y hombres.<\/p>\n\n\n\n<p>Son ocho mujeres, tres de ellas menores de edad, y siete hombres, todos adultos; hechos que se registraron en distintas regiones del estado, pero con mayor \u00edndice en Valles Centrales.<\/p>\n\n\n\n<p>El caso m\u00e1s reciente reportado por la Unidad de B\u00fasqueda de Personas Desaparecidas y No Localizadas (DNOL), de la Fiscal\u00eda de Oaxaca, es el de Luz Elena Z\u00fa\u00f1iga Garc\u00eda, quien desapareci\u00f3 el 23 de septiembre en San Antonio de la Cal.<\/p>\n\n\n\n<p>Tambi\u00e9n, una menor de nueve a\u00f1os de edad, Britani Mileydi Morales P\u00e9rez, quien fue vista por \u00faltima vez en la colonia La Soledad del municipio de Salina Cruz.<\/p>\n\n\n\n<p>La peque\u00f1a fue vista por \u00faltima vez el 23 de septiembre cuando se encontraba en compa\u00f1\u00eda del ciudadano Fernando Morales Cortes.<\/p>\n\n\n\n<p>Familiares y autoridades piden la colaboraci\u00f3n para encontrar a Gloria L\u00f3pez L\u00f3pez, de 25 a\u00f1os de edad, fue vista por \u00faltima vez el 21 de septiembre, en la privada de Benito Ju\u00e1rez, de la colonia Renacimiento del municipio de Villa de Zaachila.<\/p>\n\n\n\n<p>&nbsp;Mariela Cruz Ramos de 15 a\u00f1os, desapareci\u00f3 en Puerto Escondido de San Pedro Mixtepec, el 15 de septiembre; Guadalupe Belen Crespo Molina, de 31 a\u00f1os, el 13 de septiembre cuando se encontraba en &nbsp;El Barrio El Pe\u00f1asco, Santiago Suchilquitongo.&nbsp;<\/p>\n\n\n\n<p>As\u00ed como&nbsp; Alexandra Marcial Clemente, de 16 a\u00f1os, ese mismo d\u00eda pero en la Colonia Renacimiento, de la Villa de Zaachila.<\/p>\n\n\n\n<p>Esta semana tambi\u00e9n se report\u00f3 el caso de Paola Guadalupe Vicente Le\u00f3n, de 26 a\u00f1os, desaparecida el 3 de agosto en la agencia municipal de Pueblo Nuevo, de Oaxaca de Ju\u00e1rez, as\u00ed como el de Erika Victoria Tapia Gonz\u00e1lez, de 37 a\u00f1os, sin localizar desde el 27 de julio tras ser vista en el fraccionamiento Ciudad Yagul, del municipio de Tlacolula de Matamoros.<\/p>\n\n\n\n<p>LOS VARONES<\/p>\n\n\n\n<p>Autoridades estatales reportaron la no localizaci\u00f3n de Jorge Ernesto Ortega Del Valle, de 41 a\u00f1os, fue visto por \u00faltima vez el 20 de septiembre en la colonia Zapoteca, del municipio de Villa de Zaachila.<\/p>\n\n\n\n<p>Rutilo G\u00f3mez L\u00f3pez, 46 a\u00f1os, desapareci\u00f3 desde el 17 de septiembre en la colonia Santa Rosa de Lima, de Villa de Tututepec; Iv\u00e1n Morales Land\u00edz, de 33 a\u00f1os, el 19 de septiembre en la colonia Las Am\u00e9ricas de Oaxaca de Ju\u00e1rez.<\/p>\n\n\n\n<p>Edain Matus Torres, de 25 a\u00f1os, se vio por \u00faltima vez el 17 de en San Juan Guegoyachi, de San Pedro Totolapan; el 15 de septiembre, Jes\u00fas Ad\u00e1n Fabi\u00e1n Garc\u00eda de 29 a\u00f1os en Puerto Escondido, San Pedro Mixtepec.<\/p>\n\n\n\n<p>Mientras que Gilberto Jim\u00e9nez Barrios de 37 a\u00f1os, no ha sido localizado desde el 9 de septiembre tras ser visto frente al pante\u00f3n municipal de Zimatl\u00e1n de \u00c1lvarez; Samuel Aar\u00f3n Hern\u00e1ndez Garc\u00eda de 34 a\u00f1os, desapareci\u00f3 el 18 de septiembre en Zipolite, San Pedro Pochutla.<\/p>\n\n\n\n<p>El pasado 29 de agosto, desapareci\u00f3 Yohiker Jos\u00e9 Alvarado Rodr\u00edguez, conocido como \u201cYokelito\u201d, de 26 a\u00f1os, en Oaxaca de Ju\u00e1rez.<\/p>\n","protected":false},"excerpt":{"rendered":"<p>Yuridiana Sosa\/ Zona Roja. Oaxaca de Ju\u00e1rez, Oax., 24 de septiembre de 2022.- &nbsp;Familiares de&hellip;<\/p>\n","protected":false},"author":2,"featured_media":46194,"comment_status":"closed","ping_status":"open","sticky":false,"template":"","format":"standard","meta":{"_lmt_disableupdate":"","_lmt_disable":"","_jetpack_memberships_contains_paid_content":false,"footnotes":""},"categories":[109,47],"tags":[642],"class_list":["post-46193","post","type-post","status-publish","format-standard","has-post-thumbnail","hentry","category-minuto-a-minuto","category-zona-gris","tag-personas-desaparecidas-oaxaca"],"jetpack_featured_media_url":"https:\/\/zonaroja.com.mx\/wp-content\/uploads\/2022\/09\/Desaparecidas-Oaxaca.jpg","jetpack_sharing_enabled":true,"_links":{"self":[{"href":"https:\/\/zonaroja.com.mx\/index.php?rest_route=\/wp\/v2\/posts\/46193","targetHints":{"allow":["GET"]}}],"collection":[{"href":"https:\/\/zonaroja.com.mx\/index.php?rest_route=\/wp\/v2\/posts"}],"about":[{"href":"https:\/\/zonaroja.com.mx\/index.php?rest_route=\/wp\/v2\/types\/post"}],"author":[{"embeddable":true,"href":"https:\/\/zonaroja.com.mx\/index.php?rest_route=\/wp\/v2\/users\/2"}],"replies":[{"embeddable":true,"href":"https:\/\/zonaroja.com.mx\/index.php?rest_route=%2Fwp%2Fv2%2Fcomments&post=46193"}],"version-history":[{"count":1,"href":"https:\/\/zonaroja.com.mx\/index.php?rest_route=\/wp\/v2\/posts\/46193\/revisions"}],"predecessor-version":[{"id":46195,"href":"https:\/\/zonaroja.com.mx\/index.php?rest_route=\/wp\/v2\/posts\/46193\/revisions\/46195"}],"wp:featuredmedia":[{"embeddable":true,"href":"https:\/\/zonaroja.com.mx\/index.php?rest_route=\/wp\/v2\/media\/46194"}],"wp:attachment":[{"href":"https:\/\/zonaroja.com.mx\/index.php?rest_route=%2Fwp%2Fv2%2Fmedia&parent=46193"}],"wp:term":[{"taxonomy":"category","embeddable":true,"href":"https:\/\/zonaroja.com.mx\/index.php?rest_route=%2Fwp%2Fv2%2Fcategories&post=46193"},{"taxonomy":"post_tag","embeddable":true,"href":"https:\/\/zonaroja.com.mx\/index.php?rest_route=%2Fwp%2Fv2%2Ftags&post=46193"}],"curies":[{"name":"wp","href":"https:\/\/api.w.org\/{rel}","templated":true}]}}