{"id":46205,"date":"2022-09-25T15:46:18","date_gmt":"2022-09-25T20:46:18","guid":{"rendered":"http:\/\/www.zonaroja.com.mx\/?p=46205"},"modified":"2022-09-25T15:46:20","modified_gmt":"2022-09-25T20:46:20","slug":"asesinan-a-un-adulto-en-tlalixtac-y-a-un-adolescente-en-huautla","status":"publish","type":"post","link":"https:\/\/zonaroja.com.mx\/?p=46205","title":{"rendered":"Asesinan a un adulto en Tlalixtac y a un adolescente en Huautla"},"content":{"rendered":"\n<p>Redacci\u00f3n\/Zona Roja.<\/p>\n\n\n\n<p>Oaxaca de Ju\u00e1rez, Oax., a 25 de septiembre de 2022.- Dos personas han sido asesinadas en menos de 24 horas en Oaxaca, mientras que una m\u00e1s muri\u00f3 a causa de un accidente en motocicleta.<\/p>\n\n\n\n<p>La ma\u00f1ana de este domingo, a la altura del kil\u00f3metro 210 de la carretera federal 175, Oaxaca-Tuxtepec, en jurisdicci\u00f3n de Tlalixtac de Cabrera, fue hallado el cuerpo sin vida de un individuo.<\/p>\n\n\n\n<p>La v\u00edctima presentaba varios impactos de arma de fuego y hasta el momento no ha sido identificada; se hall\u00f3 en la cuneta de la v\u00eda federal, en el tramo del monumento a don Benito Ju\u00e1rez al crucero de San Andr\u00e9s Huay\u00e1pam.<\/p>\n\n\n\n<p>Por otra parte, un motociclista cay\u00f3 a un arroyo ubicado en el camino que conduce a la agencia de San Antonio Arrazola, del municipio de Santa Cruz Xoxocotl\u00e1n, a la altura del fraccionamiento Vista Real.<\/p>\n\n\n\n<p>A\u00fan se desconoce las razones por las cuales cay\u00f3 con su unidad pero corporaciones policiacas confirmaron que el joven perdi\u00f3 la vida.<\/p>\n\n\n\n<p>Mientras que en Huautla de Jim\u00e9nez fue asesinado un estudiante de bachillerato, la tarde de ayer s\u00e1bado.<\/p>\n\n\n\n<p>El crimen se perpetr\u00f3 en la localidad de Xochitonalco, de acuerdo con informaci\u00f3n del portal informativo \u201cRuta 135\u201d y se trata de Aben N., estudiante del Telebachillerato Comunitario n\u00famero 79, de la localidad de Palo de Marca.<\/p>\n\n\n\n<p>A\u00fan se desconoce qui\u00e9n o qui\u00e9nes le quitaron la vida, lo cual es investigado por las autoridades ministeriales de la zona.<\/p>\n\n\n\n<p>Mientras tanto, ayer por la tarde se registr\u00f3 un ataque a balazos en el fraccionamiento El Rosario de San Sebasti\u00e1n Tutla, un d\u00eda despu\u00e9s en que en la misma zona asesinaron a un individuo.<\/p>\n\n\n\n<p>La v\u00edctima de este s\u00e1bado fue identificada como V\u00edctor M. S. B., y fue alcanzado en la calle Salina Cruz, pero s\u00f3lo recibi\u00f3 un roz\u00f3n de bala en el brazo, al lograr huir de sus atacantes.<\/p>\n\n\n\n<p>En tanto que anoche en la calle \u00c1lamos de la colonia Reforma, ciudad de Oaxaca, se registraron detonaciones de arma de fuego, que dejaron como saldo una mujer lesionada.<\/p>\n","protected":false},"excerpt":{"rendered":"<p>Redacci\u00f3n\/Zona Roja. Oaxaca de Ju\u00e1rez, Oax., a 25 de septiembre de 2022.- Dos personas han&hellip;<\/p>\n","protected":false},"author":2,"featured_media":46206,"comment_status":"closed","ping_status":"open","sticky":false,"template":"","format":"standard","meta":{"_lmt_disableupdate":"","_lmt_disable":"","_jetpack_memberships_contains_paid_content":false,"footnotes":""},"categories":[109,47],"tags":[],"class_list":["post-46205","post","type-post","status-publish","format-standard","has-post-thumbnail","hentry","category-minuto-a-minuto","category-zona-gris"],"jetpack_featured_media_url":"https:\/\/zonaroja.com.mx\/wp-content\/uploads\/2022\/09\/Asesinado-Tlalixtac-Oaxaca.jpg","jetpack_sharing_enabled":true,"_links":{"self":[{"href":"https:\/\/zonaroja.com.mx\/index.php?rest_route=\/wp\/v2\/posts\/46205","targetHints":{"allow":["GET"]}}],"collection":[{"href":"https:\/\/zonaroja.com.mx\/index.php?rest_route=\/wp\/v2\/posts"}],"about":[{"href":"https:\/\/zonaroja.com.mx\/index.php?rest_route=\/wp\/v2\/types\/post"}],"author":[{"embeddable":true,"href":"https:\/\/zonaroja.com.mx\/index.php?rest_route=\/wp\/v2\/users\/2"}],"replies":[{"embeddable":true,"href":"https:\/\/zonaroja.com.mx\/index.php?rest_route=%2Fwp%2Fv2%2Fcomments&post=46205"}],"version-history":[{"count":1,"href":"https:\/\/zonaroja.com.mx\/index.php?rest_route=\/wp\/v2\/posts\/46205\/revisions"}],"predecessor-version":[{"id":46207,"href":"https:\/\/zonaroja.com.mx\/index.php?rest_route=\/wp\/v2\/posts\/46205\/revisions\/46207"}],"wp:featuredmedia":[{"embeddable":true,"href":"https:\/\/zonaroja.com.mx\/index.php?rest_route=\/wp\/v2\/media\/46206"}],"wp:attachment":[{"href":"https:\/\/zonaroja.com.mx\/index.php?rest_route=%2Fwp%2Fv2%2Fmedia&parent=46205"}],"wp:term":[{"taxonomy":"category","embeddable":true,"href":"https:\/\/zonaroja.com.mx\/index.php?rest_route=%2Fwp%2Fv2%2Fcategories&post=46205"},{"taxonomy":"post_tag","embeddable":true,"href":"https:\/\/zonaroja.com.mx\/index.php?rest_route=%2Fwp%2Fv2%2Ftags&post=46205"}],"curies":[{"name":"wp","href":"https:\/\/api.w.org\/{rel}","templated":true}]}}