{"id":46208,"date":"2022-09-25T15:52:50","date_gmt":"2022-09-25T20:52:50","guid":{"rendered":"http:\/\/www.zonaroja.com.mx\/?p=46208"},"modified":"2022-09-25T15:52:52","modified_gmt":"2022-09-25T20:52:52","slug":"quien-filtro-informacion-del-caso-ayotzinapa-que-revela-mas-detalles","status":"publish","type":"post","link":"https:\/\/zonaroja.com.mx\/?p=46208","title":{"rendered":"\u00bfQui\u00e9n filtr\u00f3 informaci\u00f3n del caso Ayotzinapa que revela m\u00e1s detalles?"},"content":{"rendered":"\n<p>Redacci\u00f3n\/Zona Roja Cdmx.<\/p>\n\n\n\n<p>Ciudad de M\u00e9xico, a 25 de septiembre de 2022.- El subsecretario de Derechos Humanos de la Secretar\u00eda de Gobernaci\u00f3n, Alejandro Encinas, tom\u00f3 sus redes sociales para externar su parecer en torno a la filtraci\u00f3n del informe de la Comisi\u00f3n para la Verdad y Acceso a la Justicia en el caso de los 43 normalistas desaparecidos de Ayotzinapa.&nbsp;<\/p>\n\n\n\n<p>Conden\u00f3 la divulgaci\u00f3n del informe, por lo que asegur\u00f3 que es \u00ababsolutamente irresponsable\u00bb, adem\u00e1s de una falta de respeto a los padres y madres de las v\u00edctimas.&nbsp;<\/p>\n\n\n\n<p>\u00abCondeno la lamentable filtraci\u00f3n de la informaci\u00f3n entregada a la @FGRMexico&nbsp;por la Comisi\u00f3n de #Ayotzinapa. Es absolutamente irresponsable y una falta de respeto a los padres y madres de los estudiantes desaparecidos\u00bb, public\u00f3 en su perfil de Twitter.&nbsp;<\/p>\n\n\n\n<p>\u00abEn todo momento se debe preservar el inter\u00e9s superior de las v\u00edctimas ante un asunto tan delicado. Este tipo de filtraciones, lejos de ayudar a la investigaci\u00f3n, la perjudican y abren paso a la impunidad.\u00bb<\/p>\n\n\n\n<p>\u00abSolicito a la @FGRMexico que inicie una indagatoria para identificar y castigar a quien resulte responsable de esta grave filtraci\u00f3n\u201d, dijo.<\/p>\n\n\n\n<p>Y es que ayer, la periodista Peniley Ram\u00edrez public\u00f3 en el diario \u00abReforma\u00bb extractos del informe sin testar, en que se revelan varios detalles del crimen contra los normalistas, en que confirma que hay varios ex funcionarios y militares involucrados.<\/p>\n\n\n\n<p>Ayer, Alejandro Encinas anunci\u00f3 que instar\u00e1 al Poder Judicial para los nombres de los 46 servidores p\u00fablicos a los que se les gir\u00f3 una orden de aprehensi\u00f3n, quienes estar\u00edan vinculados con los lamentables hechos ocurridos el\u00a02014 en Ayotzinapa.\u00a0<\/p>\n\n\n\n<p>En este sentido, precis\u00f3 que se reunir\u00e1 con los madres y padres de los desaparecidos tras la culminaci\u00f3n de la Jornada Nacional de lucha ante la deuda de Justicia del Estado por los Caminos de la Verdad.&nbsp;<\/p>\n\n\n\n<p>\u201cYa me instruy\u00f3 que le solicit\u00e9 al Poder Judicial que me permita darlos a conocer. Les anticipo cu\u00e1l va a ser la respuesta, no, pero vamos a hacer la defensa del principio de m\u00e1xima publicidad, porque en materia de derechos humanos es un principio que debe de regir\u201d, se\u00f1al\u00f3.<\/p>\n\n\n\n<p>(Con informaci\u00f3n de \u00abEl Heraldo de M\u00e9xico\u00bb)<\/p>\n","protected":false},"excerpt":{"rendered":"<p>Redacci\u00f3n\/Zona Roja Cdmx. Ciudad de M\u00e9xico, a 25 de septiembre de 2022.- El subsecretario de&hellip;<\/p>\n","protected":false},"author":2,"featured_media":18060,"comment_status":"closed","ping_status":"open","sticky":false,"template":"","format":"standard","meta":{"_lmt_disableupdate":"","_lmt_disable":"","_jetpack_memberships_contains_paid_content":false,"footnotes":""},"categories":[109,47],"tags":[823],"class_list":["post-46208","post","type-post","status-publish","format-standard","has-post-thumbnail","hentry","category-minuto-a-minuto","category-zona-gris","tag-desaparecidos-ayotzinapa-guerrero"],"jetpack_featured_media_url":"https:\/\/zonaroja.com.mx\/wp-content\/uploads\/2020\/09\/Desaparecidos-Ayotzinapa.jpg","jetpack_sharing_enabled":true,"_links":{"self":[{"href":"https:\/\/zonaroja.com.mx\/index.php?rest_route=\/wp\/v2\/posts\/46208","targetHints":{"allow":["GET"]}}],"collection":[{"href":"https:\/\/zonaroja.com.mx\/index.php?rest_route=\/wp\/v2\/posts"}],"about":[{"href":"https:\/\/zonaroja.com.mx\/index.php?rest_route=\/wp\/v2\/types\/post"}],"author":[{"embeddable":true,"href":"https:\/\/zonaroja.com.mx\/index.php?rest_route=\/wp\/v2\/users\/2"}],"replies":[{"embeddable":true,"href":"https:\/\/zonaroja.com.mx\/index.php?rest_route=%2Fwp%2Fv2%2Fcomments&post=46208"}],"version-history":[{"count":1,"href":"https:\/\/zonaroja.com.mx\/index.php?rest_route=\/wp\/v2\/posts\/46208\/revisions"}],"predecessor-version":[{"id":46209,"href":"https:\/\/zonaroja.com.mx\/index.php?rest_route=\/wp\/v2\/posts\/46208\/revisions\/46209"}],"wp:featuredmedia":[{"embeddable":true,"href":"https:\/\/zonaroja.com.mx\/index.php?rest_route=\/wp\/v2\/media\/18060"}],"wp:attachment":[{"href":"https:\/\/zonaroja.com.mx\/index.php?rest_route=%2Fwp%2Fv2%2Fmedia&parent=46208"}],"wp:term":[{"taxonomy":"category","embeddable":true,"href":"https:\/\/zonaroja.com.mx\/index.php?rest_route=%2Fwp%2Fv2%2Fcategories&post=46208"},{"taxonomy":"post_tag","embeddable":true,"href":"https:\/\/zonaroja.com.mx\/index.php?rest_route=%2Fwp%2Fv2%2Ftags&post=46208"}],"curies":[{"name":"wp","href":"https:\/\/api.w.org\/{rel}","templated":true}]}}