{"id":4621,"date":"2019-10-07T10:02:23","date_gmt":"2019-10-07T15:02:23","guid":{"rendered":"http:\/\/www.zonaroja.com.mx\/?p=4621"},"modified":"2019-10-07T10:02:27","modified_gmt":"2019-10-07T15:02:27","slug":"torturan-y-matan-a-elemento-de-aei-en-la-costa-cuatro-homicidios-en-domingo","status":"publish","type":"post","link":"https:\/\/zonaroja.com.mx\/?p=4621","title":{"rendered":"Torturan y matan a elemento de AEI en la Costa; cuatro homicidios en domingo"},"content":{"rendered":"\n<p>Redacci\u00f3n\/Zona\nRoja.<\/p>\n\n\n\n<p>Oaxaca\nde Ju\u00e1rez, Oax., 7 de octubre de 2019.- Cuatro homicidios fueron registrados en\nel transcurso del domingo, d\u00eda en que el Presidente Andr\u00e9s Manuel L\u00f3pez Obrador\nvisit\u00f3 Santiago Juxtlahuaca y Huajuapan de Le\u00f3n.<\/p>\n\n\n\n<p>Casi\na la media noche de ayer, personal del Instituto Estatal Electoral y de\nParticipaci\u00f3n Ciudadana de Oaxaca (IEEPCO) entreg\u00f3 al Hospital B\u00e1sico\nComunitario de Santa Mar\u00eda Huatulco, a una persona que les hab\u00edan obligado a\ntrasladar, pero el m\u00e9dico corrobor\u00f3 que ya hab\u00eda fallecido.<\/p>\n\n\n\n<p>Se trata de un elemento de la Agencia Estatal de Investigaciones (AEI), de la Fiscal\u00eda General del Estado de Oaxaca (FGEO), placa 1175 y de nombre Wilbert, que presuntamente hab\u00eda sido retenido por gente armada del Comit\u00e9 de Defensa de Derechos Ind\u00edgenas (Codedi) en jurisdicci\u00f3n de Santa Mar\u00eda Xadani.<\/p>\n\n\n\n<figure class=\"wp-block-image\"><img decoding=\"async\" width=\"604\" height=\"498\" src=\"http:\/\/www.zonaroja.com.mx\/wp-content\/uploads\/2019\/10\/94af5399-05ef-46ff-94ae-6ca8e1babd51.jpg\" alt=\"\" class=\"wp-image-4622\" srcset=\"https:\/\/zonaroja.com.mx\/wp-content\/uploads\/2019\/10\/94af5399-05ef-46ff-94ae-6ca8e1babd51.jpg 604w, https:\/\/zonaroja.com.mx\/wp-content\/uploads\/2019\/10\/94af5399-05ef-46ff-94ae-6ca8e1babd51-300x247.jpg 300w, https:\/\/zonaroja.com.mx\/wp-content\/uploads\/2019\/10\/94af5399-05ef-46ff-94ae-6ca8e1babd51-585x482.jpg 585w\" sizes=\"(max-width: 604px) 100vw, 604px\" \/><\/figure>\n\n\n\n<p>Seg\u00fan\nrelat\u00f3 personal del IEEPCO, hab\u00edan acudido a la comunidad de Santa Mar\u00eda\nCoixtepec, Xanica, a apoyar una elecci\u00f3n comunitaria.<\/p>\n\n\n\n<p>De\nregreso, a la altura del puente \u201cEl Para\u00edso\u201d, fueron interceptados por personas\nencapuchadas y armadas, que les cerraron el paso con un veh\u00edculo, los llevaron\na la finca \u201cAlemania\u201d y los obligaron a llevarse a una persona, semidesnuda,\nmaniatada y con huellas de tortura, en su camioneta.<\/p>\n\n\n\n<p>Tras\nello, lo llevaron al hospital de Huatulco, pero \u00e9ste ya hab\u00eda fallecido.<\/p>\n\n\n\n<p>M\u00c1S\nCASOS<\/p>\n\n\n\n<p>Este\nes uno de los cuatro homicidios que ocurri\u00f3 en el transcurso del domingo; en\nPinotepa Nacional, un elemento de la Polic\u00eda Auxiliar, Bancaria, Industrial y\nComercial dispar\u00f3 de manera accidental en contra de una persona.<\/p>\n\n\n\n<p>De\nacuerdo con el reporte policiaco, los hechos ocurrieron a las 17:15 horas de\nayer cuando el polic\u00eda, Javier H.C. se encontraba de guardia en la Universidad\nde la Costa (UNCO) en Pinotepa. Al estar maniobrar su arma de fuego, se le\nescap\u00f3 un disparo que impact\u00f3 a Juan Javier S.C., que se encontraba en el\nsitio. El polic\u00eda fue detenido y llevado al Ministerio P\u00fablico.<\/p>\n\n\n\n<p>Mientras\nque en Ocotl\u00e1n de Morelos, anoche fue asesinada a balazos otra persona, que a\u00fan\nno ha sido identificada. <\/p>\n\n\n\n<p>En\ntanto que en San Juan del R\u00edo, localidad de Magdalena Pe\u00f1asco, fue hallado ayer\nen estado de putrefacci\u00f3n el cuerpo de una persona a\u00fan no identificada.<\/p>\n\n\n\n<p>Personal\nde la Vicefiscal\u00eda Regional acudi\u00f3 al sitio para ordenar el levantamiento del\ncad\u00e1ver.<\/p>\n","protected":false},"excerpt":{"rendered":"<p>Redacci\u00f3n\/Zona Roja. Oaxaca de Ju\u00e1rez, Oax., 7 de octubre de 2019.- Cuatro homicidios fueron registrados&hellip;<\/p>\n","protected":false},"author":2,"featured_media":4623,"comment_status":"closed","ping_status":"open","sticky":false,"template":"","format":"standard","meta":{"_lmt_disableupdate":"","_lmt_disable":"","_jetpack_memberships_contains_paid_content":false,"footnotes":""},"categories":[109,51],"tags":[832],"class_list":["post-4621","post","type-post","status-publish","format-standard","has-post-thumbnail","hentry","category-minuto-a-minuto","category-zona-roja","tag-comite-de-defensa-de-derechos-indigenas-codedi"],"jetpack_featured_media_url":"https:\/\/zonaroja.com.mx\/wp-content\/uploads\/2019\/10\/PHOTO-2019-10-07-06-56-46.jpg","jetpack_sharing_enabled":true,"_links":{"self":[{"href":"https:\/\/zonaroja.com.mx\/index.php?rest_route=\/wp\/v2\/posts\/4621","targetHints":{"allow":["GET"]}}],"collection":[{"href":"https:\/\/zonaroja.com.mx\/index.php?rest_route=\/wp\/v2\/posts"}],"about":[{"href":"https:\/\/zonaroja.com.mx\/index.php?rest_route=\/wp\/v2\/types\/post"}],"author":[{"embeddable":true,"href":"https:\/\/zonaroja.com.mx\/index.php?rest_route=\/wp\/v2\/users\/2"}],"replies":[{"embeddable":true,"href":"https:\/\/zonaroja.com.mx\/index.php?rest_route=%2Fwp%2Fv2%2Fcomments&post=4621"}],"version-history":[{"count":1,"href":"https:\/\/zonaroja.com.mx\/index.php?rest_route=\/wp\/v2\/posts\/4621\/revisions"}],"predecessor-version":[{"id":4624,"href":"https:\/\/zonaroja.com.mx\/index.php?rest_route=\/wp\/v2\/posts\/4621\/revisions\/4624"}],"wp:featuredmedia":[{"embeddable":true,"href":"https:\/\/zonaroja.com.mx\/index.php?rest_route=\/wp\/v2\/media\/4623"}],"wp:attachment":[{"href":"https:\/\/zonaroja.com.mx\/index.php?rest_route=%2Fwp%2Fv2%2Fmedia&parent=4621"}],"wp:term":[{"taxonomy":"category","embeddable":true,"href":"https:\/\/zonaroja.com.mx\/index.php?rest_route=%2Fwp%2Fv2%2Fcategories&post=4621"},{"taxonomy":"post_tag","embeddable":true,"href":"https:\/\/zonaroja.com.mx\/index.php?rest_route=%2Fwp%2Fv2%2Ftags&post=4621"}],"curies":[{"name":"wp","href":"https:\/\/api.w.org\/{rel}","templated":true}]}}