{"id":46210,"date":"2022-09-25T19:22:28","date_gmt":"2022-09-26T00:22:28","guid":{"rendered":"http:\/\/www.zonaroja.com.mx\/?p=46210"},"modified":"2022-09-25T19:22:29","modified_gmt":"2022-09-26T00:22:29","slug":"llegan-mas-lluvias-en-el-sur-del-pais-y-primeros-frios-en-el-norte","status":"publish","type":"post","link":"https:\/\/zonaroja.com.mx\/?p=46210","title":{"rendered":"Llegan m\u00e1s lluvias en el sur del pa\u00eds y primeros fr\u00edos en el norte"},"content":{"rendered":"\n<p>Redacci\u00f3n\/Zona Roja Cdm.<\/p>\n\n\n\n<p>Ciudad de M\u00e9xico, a 25 de septiembre de 2026.- El primer frente fr\u00edo de la temporada 2022 afectar\u00e1 este domingo a los estados de la frontera norte, mientras que la Comisi\u00f3n Nacional del Agua (Conagua) pronostica lluvias en al menos 26 entidades del pa\u00eds, en cuatro de \u00e9stas las precipitaciones ser\u00e1n intensas.<\/p>\n\n\n\n<p>Habr\u00e1 lluvias puntuales intensas (de 75 a150 mm) en los estados de: Chiapas, Guerrero, Oaxaca y Veracruz.<\/p>\n\n\n\n<p>Las precipitaciones podr\u00edan acompa\u00f1arse de descargas el\u00e9ctricas, vientos fuertes y posibles granizadas, y ocasionar deslaves, incremento en los niveles de r\u00edos y arroyos, desbordamientos e inundaciones en zonas bajas de los estados mencionados.<\/p>\n\n\n\n<p>A pesar del clima lluvioso, para la tarde de este domingo, la Conagua pron\u00f3stica ambiente de c\u00e1lido a caluroso en la mayor parte de la Rep\u00fablica Mexicana, con temperaturas m\u00e1ximas de 40 a 45 grados en el noreste de Baja California y el noroeste de Sonora.<\/p>\n\n\n\n<p>Asimismo, las temperaturas oscilar\u00e1n entre los 35 y 40 grados Celsius en Baja California Sur, Campeche, Chiapas, Colima, Guerrero, Jalisco, Michoac\u00e1n, Nayarit, Nuevo Le\u00f3n, Oaxaca, San Luis Potos\u00ed, Sinaloa, Tabasco, Tamaulipas, Veracruz y Yucat\u00e1n.<\/p>\n\n\n\n<p>En el caso de Chihuahua, Coahuila, Durango y Quintana Roo, la temperatura ser\u00e1 de e 30 a 35 grados Celsius.<\/p>\n\n\n\n<p>(Informaci\u00f3n de \u201cEl Financiero\u201d)<\/p>\n","protected":false},"excerpt":{"rendered":"<p>Redacci\u00f3n\/Zona Roja Cdm. Ciudad de M\u00e9xico, a 25 de septiembre de 2026.- El primer frente&hellip;<\/p>\n","protected":false},"author":2,"featured_media":46211,"comment_status":"closed","ping_status":"open","sticky":false,"template":"","format":"standard","meta":{"_lmt_disableupdate":"","_lmt_disable":"","_jetpack_memberships_contains_paid_content":false,"footnotes":""},"categories":[109,47],"tags":[],"class_list":["post-46210","post","type-post","status-publish","format-standard","has-post-thumbnail","hentry","category-minuto-a-minuto","category-zona-gris"],"jetpack_featured_media_url":"https:\/\/zonaroja.com.mx\/wp-content\/uploads\/2022\/09\/Lluvias-Meixico-y-frio-clima.jpg","jetpack_sharing_enabled":true,"_links":{"self":[{"href":"https:\/\/zonaroja.com.mx\/index.php?rest_route=\/wp\/v2\/posts\/46210","targetHints":{"allow":["GET"]}}],"collection":[{"href":"https:\/\/zonaroja.com.mx\/index.php?rest_route=\/wp\/v2\/posts"}],"about":[{"href":"https:\/\/zonaroja.com.mx\/index.php?rest_route=\/wp\/v2\/types\/post"}],"author":[{"embeddable":true,"href":"https:\/\/zonaroja.com.mx\/index.php?rest_route=\/wp\/v2\/users\/2"}],"replies":[{"embeddable":true,"href":"https:\/\/zonaroja.com.mx\/index.php?rest_route=%2Fwp%2Fv2%2Fcomments&post=46210"}],"version-history":[{"count":1,"href":"https:\/\/zonaroja.com.mx\/index.php?rest_route=\/wp\/v2\/posts\/46210\/revisions"}],"predecessor-version":[{"id":46212,"href":"https:\/\/zonaroja.com.mx\/index.php?rest_route=\/wp\/v2\/posts\/46210\/revisions\/46212"}],"wp:featuredmedia":[{"embeddable":true,"href":"https:\/\/zonaroja.com.mx\/index.php?rest_route=\/wp\/v2\/media\/46211"}],"wp:attachment":[{"href":"https:\/\/zonaroja.com.mx\/index.php?rest_route=%2Fwp%2Fv2%2Fmedia&parent=46210"}],"wp:term":[{"taxonomy":"category","embeddable":true,"href":"https:\/\/zonaroja.com.mx\/index.php?rest_route=%2Fwp%2Fv2%2Fcategories&post=46210"},{"taxonomy":"post_tag","embeddable":true,"href":"https:\/\/zonaroja.com.mx\/index.php?rest_route=%2Fwp%2Fv2%2Ftags&post=46210"}],"curies":[{"name":"wp","href":"https:\/\/api.w.org\/{rel}","templated":true}]}}