{"id":46213,"date":"2022-09-25T20:55:15","date_gmt":"2022-09-26T01:55:15","guid":{"rendered":"http:\/\/www.zonaroja.com.mx\/?p=46213"},"modified":"2022-09-25T20:55:36","modified_gmt":"2022-09-26T01:55:36","slug":"registro-oaxaca-la-semana-pasada-40-7-contagios-de-covid-diarios","status":"publish","type":"post","link":"https:\/\/zonaroja.com.mx\/?p=46213","title":{"rendered":"Registro Oaxaca la semana pasada 40.7 contagios de Covid diarios"},"content":{"rendered":"\n<p>Redacci\u00f3n\/Zona Roja.&nbsp;<\/p>\n\n\n\n<p>Oaxaca de Ju\u00e1rez, Oax., 25 de septiembre de 2022.- Los Servicios de Salud de Oaxaca (SSO), dieron a conocer que del per\u00edodo comprendido del 18 al 24 de septiembre la entidad registr\u00f3 un acumulado 149 mil 424 casos confirmados del virus SARS-CoV-2.<\/p>\n\n\n\n<p>De ellos, 285 se contabilizaron en estos \u00faltimos siete d\u00edas, lo que representa un promedio diario de 40.7 contagios diariamente.<\/p>\n\n\n\n<p>Por otra parte, el global de defunciones desde el inicio de la pandemia a la fecha es de seis mil 338, dijo la instituci\u00f3n en un comunicado de prensa.&nbsp;<\/p>\n\n\n\n<p>En tanto, en el per\u00edodo que se informa se notificaron seis lamentables decesos a causa de esta patolog\u00eda respiratoria. Y el promedio semanal de ocupaci\u00f3n hospitalaria fue de 6.3%.<\/p>\n\n\n\n<p>La dependencia, dijo que adem\u00e1s de vacunarse cuando corresponda, es necesario seguir aplicando con disciplina y responsabilidad las medidas sanitarias vigentes, como el uso correcto del cubrebocas, el lavado de manos frecuente con agua y jab\u00f3n o con soluciones alcoholadas al 70%, mantener la sana distancia, as\u00ed como priorizar lugares abiertos y con buena ventilaci\u00f3n.<\/p>\n\n\n\n<p>Exhort\u00f3 a la poblaci\u00f3n a actuar con responsabilidad para priorizar la salud, a fin de coadyuvar a la reducci\u00f3n de la propagaci\u00f3n de la pandemia.<\/p>\n\n\n\n<figure class=\"wp-block-embed is-type-rich is-provider-twitter wp-block-embed-twitter\"><div class=\"wp-block-embed__wrapper\">\n<div class=\"twitter-tweet\"><blockquote class=\"twitter-tweet\" data-lang=\"es\"><p lang=\"es\" dir=\"ltr\"><a href=\"https:\/\/twitter.com\/hashtag\/%C3%9AltimoMinuto?src=hash&amp;ref_src=twsrc%5Etfw\">#\u00daltimoMinuto<\/a> <br>Los <a href=\"https:\/\/twitter.com\/SSO_GobOax?ref_src=twsrc%5Etfw\">@SSO_GobOax<\/a> reportan 285 contagios y 6 fallecimientos por Covid en Oaxaca, en la semana del 18 al 24 de septiembre. <br>Hay tambi\u00e9n 120 casos activos, 6 nosocomios saturados y ocupaci\u00f3n hospitalaria promedio de 6.3%. <a href=\"https:\/\/t.co\/8ch35RPAKc\">pic.twitter.com\/8ch35RPAKc<\/a><\/p>&mdash; Zona Roja Oaxaca (@ZonaRoja_Oaxaca) <a href=\"https:\/\/twitter.com\/ZonaRoja_Oaxaca\/status\/1574209186631585792?ref_src=twsrc%5Etfw\">26 de septiembre de 2022<\/a><\/blockquote><\/div>\n<\/div><\/figure>\n","protected":false},"excerpt":{"rendered":"<p>Redacci\u00f3n\/Zona Roja.&nbsp; Oaxaca de Ju\u00e1rez, Oax., 25 de septiembre de 2022.- Los Servicios de Salud&hellip;<\/p>\n","protected":false},"author":2,"featured_media":46214,"comment_status":"closed","ping_status":"open","sticky":false,"template":"","format":"standard","meta":{"_lmt_disableupdate":"","_lmt_disable":"","_jetpack_memberships_contains_paid_content":false,"footnotes":""},"categories":[109,47],"tags":[1512],"class_list":["post-46213","post","type-post","status-publish","format-standard","has-post-thumbnail","hentry","category-minuto-a-minuto","category-zona-gris","tag-coronavirus-oaxaca"],"jetpack_featured_media_url":"https:\/\/zonaroja.com.mx\/wp-content\/uploads\/2022\/09\/Ciudad-de-Oaxaca-covid-cubrecbocas.jpg","jetpack_sharing_enabled":true,"_links":{"self":[{"href":"https:\/\/zonaroja.com.mx\/index.php?rest_route=\/wp\/v2\/posts\/46213","targetHints":{"allow":["GET"]}}],"collection":[{"href":"https:\/\/zonaroja.com.mx\/index.php?rest_route=\/wp\/v2\/posts"}],"about":[{"href":"https:\/\/zonaroja.com.mx\/index.php?rest_route=\/wp\/v2\/types\/post"}],"author":[{"embeddable":true,"href":"https:\/\/zonaroja.com.mx\/index.php?rest_route=\/wp\/v2\/users\/2"}],"replies":[{"embeddable":true,"href":"https:\/\/zonaroja.com.mx\/index.php?rest_route=%2Fwp%2Fv2%2Fcomments&post=46213"}],"version-history":[{"count":2,"href":"https:\/\/zonaroja.com.mx\/index.php?rest_route=\/wp\/v2\/posts\/46213\/revisions"}],"predecessor-version":[{"id":46216,"href":"https:\/\/zonaroja.com.mx\/index.php?rest_route=\/wp\/v2\/posts\/46213\/revisions\/46216"}],"wp:featuredmedia":[{"embeddable":true,"href":"https:\/\/zonaroja.com.mx\/index.php?rest_route=\/wp\/v2\/media\/46214"}],"wp:attachment":[{"href":"https:\/\/zonaroja.com.mx\/index.php?rest_route=%2Fwp%2Fv2%2Fmedia&parent=46213"}],"wp:term":[{"taxonomy":"category","embeddable":true,"href":"https:\/\/zonaroja.com.mx\/index.php?rest_route=%2Fwp%2Fv2%2Fcategories&post=46213"},{"taxonomy":"post_tag","embeddable":true,"href":"https:\/\/zonaroja.com.mx\/index.php?rest_route=%2Fwp%2Fv2%2Ftags&post=46213"}],"curies":[{"name":"wp","href":"https:\/\/api.w.org\/{rel}","templated":true}]}}