{"id":46217,"date":"2022-09-26T07:05:37","date_gmt":"2022-09-26T12:05:37","guid":{"rendered":"http:\/\/www.zonaroja.com.mx\/?p=46217"},"modified":"2022-09-26T07:05:39","modified_gmt":"2022-09-26T12:05:39","slug":"opinion-oaxaca-ayotzinapa-y-las-mentiras-de-pena-nieto-y-de-amlo","status":"publish","type":"post","link":"https:\/\/zonaroja.com.mx\/?p=46217","title":{"rendered":"Opini\u00f3n. Oaxaca, Ayotzinapa y las mentiras de Pe\u00f1a Nieto y de AMLO"},"content":{"rendered":"\n<p>Ismael Garc\u00eda M.\/Zona Roja.<\/p>\n\n\n\n<p>Oaxaca de Ju\u00e1rez, Oax., 26 de septiembre de 2022.- \u00bfQu\u00e9 tiene que ver Oaxaca en el caso de Ayotzinapa con sus 43 normalistas desaparecidos?<\/p>\n\n\n\n<p>Mucho, porque entre ellos hay un paisano, Christian Tom\u00e1s Col\u00f3n G\u00e1rnica, por quien sus familiares han vivido el calvario de la injusticia y cuya solidaridad estatal ha sido regateada.<\/p>\n\n\n\n<p>Asimismo, en la \u00e9poca de los hechos, la subprocuradora de la Fiscal\u00eda General de la Rep\u00fablica era ni m\u00e1s ni menos que la hoy diputada local por el PRI, Mariana Ben\u00edtez Tiburcio, aunque ha negado haber participado directamente en las investigaciones; mejor dicho, en las mentiras de la investigaci\u00f3n.<\/p>\n\n\n\n<p>Como quiera que sea, ni Christian Tom\u00e1s ni los otros 43 estudiantes no tienen descanso porque simple y sencillamente, la justicia nada m\u00e1s no llega. Ocho a\u00f1os de espera, ocho a\u00f1os de reclamos, ocho a\u00f1os de enga\u00f1os.<\/p>\n\n\n\n<p>Hay otro nombre que, aunque no es de un oaxaque\u00f1o, tiene que ver con el estado: Alejandro Solalinde, quien revel\u00f3 desde hace a\u00f1os la forma en que murieron los estudiantes.<\/p>\n\n\n\n<p>Pero las falsedades no tienen freno; primero con Enrique Pe\u00f1a Nieto, que goza de total impunidad en el actual sexenio por \u00e9ste y otros enga\u00f1os y delitos, y luego con Andr\u00e9s Manuel L\u00f3pez Obrador, de quien la sociedad mexicana se decepciona cada vez m\u00e1s, al actuar exactamente como los priistas: protegiendo al Ej\u00e9rcito Mexicano y abonando las injusticias.<\/p>\n\n\n\n<p>DOLOR OAXAQUE\u00d1O<\/p>\n\n\n\n<p>Cuando Christian Tom\u00e1s desapareci\u00f3 en Iguala, Guerrero, el 26 de septiembre de 2014, junto con los dem\u00e1s estudiantes de la Escuela Normal Rural Rural de Ayotzinapa, \u201cRa\u00fal Isidro Burgo\u201d, ten\u00eda 18 a\u00f1os.<\/p>\n\n\n\n<p>Hoy ser\u00eda un profesionista, docente, que estar\u00eda prestando sus servicios en al alg\u00fan lugar del pa\u00eds, quiz\u00e1 de la sierra de Guerrero, su natal Oaxaca o de Chiapas.<br>El estudiante nunca fue como el resto de los j\u00f3venes de su comunidad, Tlacolula de Matamoros, donde s\u00f3lo tienen dos opciones: formar una familia antes de cumplir la mayor\u00eda de edad y trabajar en lo que sea para obtener dinero, o cruzar la frontera hacia Estados Unidos.\u00a0<\/p>\n\n\n\n<p>Tom\u00e1s quer\u00eda estudiar para ser maestro y compartir su conocimiento. Uno de sus m\u00e1s grandes anhelos era estar frente a un grupo de ni\u00f1os, y con el tiempo, impartir clases en diferentes universidades. Pero le truncaron el sue\u00f1o. Como a los otros 42.<\/p>\n\n\n\n<p>\u00bfUsted qu\u00e9 har\u00eda si le matan a su hijo o hija y pasan ocho a\u00f1os y todos son exculpaciones y encubrimiento al Ej\u00e9rcito Mexicano?<\/p>\n\n\n\n<p>Es comprensible el dolor, las angustias, los reclamos -aunque no los hechos violentos- de los familiares de los 43, por tanto enga\u00f1o oficial.<\/p>\n\n\n\n<p>S\u00d3LO ENGA\u00d1OS<\/p>\n\n\n\n<p>Han pasado ocho a\u00f1os de los tr\u00e1gicos sucesos, del horror, y de la \u201cverdad hist\u00f3rica\u201d que invent\u00f3 el entonces procurador General de la Rep\u00fablica, Jes\u00fas Murillo Karam, pero ahora hemos pasado a la \u201cverdad confusa\u201d del subsecretario Alejandro Encinas; es decir, no hay nada firme a\u00fan en la aplicaci\u00f3n de la justicia.<\/p>\n\n\n\n<p>Murillo Karam -quien fue jefe de la oaxaque\u00f1a Mariana Ben\u00edtez en la Procuradur\u00eda General de la Rep\u00fablica- est\u00e1 detenido por sus inventos del caso, pero no hay avances sustanciales en el proceso judicial en su contra.<\/p>\n\n\n\n<p>Pe\u00f1a Nieto descansa y disfruta de sus millonarios ingresos en Espa\u00f1a y hasta L\u00f3pez Obrador lo ha exculpado cada vez que ha sido necesario.<\/p>\n\n\n\n<p>Otros importantes cabecillas de esta trama, como Tom\u00e1s Zer\u00f3n, siguen pr\u00f3fugos de la justicia, mientras que el que fuera edil de Iguala, Guerrero, Jos\u00e9 Luis Abarca, estuvo a punto de salir libre; de hecho, gan\u00f3 un proceso judicial.<\/p>\n\n\n\n<p>Con la llegada de L\u00f3pez Obrador al poder, se pens\u00f3 o crey\u00f3 que por fin habr\u00eda justicia, pero a cuatro a\u00f1os en el cargo, s\u00f3lo ha reconocido que fue un \u201ccrimen de Estado\u201d -el 18 de agosto pasado-, lo que reiteradamente han se\u00f1alado organizaciones sociales y familiares de las v\u00edctimas.<\/p>\n\n\n\n<p>Un juez ha logrado la liberaci\u00f3n de 120 personas probablemente involucradas en el caso, presuntamente porque fueron torturadas, y el gobierno federal s\u00f3lo atina a tratar de enjuiciarlo.<\/p>\n\n\n\n<p>Hubo un General militar en retiro que se entreg\u00f3, no fue detenido, pero m\u00e1s que por el caso de Ayotzinapa, se le indaga por probables ligas con la delincuencia organizada.<\/p>\n\n\n\n<p>Mientras tanto, la peor parte en esta administraci\u00f3n federal, la Fiscal\u00eda General de la Rep\u00fablica ha retirado las \u00f3rdenes de aprehensi\u00f3n contra 21 presuntos implicados, entre ellos 16 militares.<\/p>\n\n\n\n<p>LA REVELACI\u00d3N<\/p>\n\n\n\n<p>En ese contexto, el pasado fin de semana la periodista-articulista del diario \u201cReforma\u201d, Peniley Ram\u00edrez, revel\u00f3 detalles no testados (no tachados) del informe especial del caso Ayotzinapa.<\/p>\n\n\n\n<p>Entre otras cosas, desaparece la hip\u00f3tesis de que los cuerpos de los normalistas fueron quemados y asevera que casi todos los normalistas fueron asesinados, descuartizados y enterrados.<\/p>\n\n\n\n<p>Y las \u00f3rdenes provinieron del entonces alcalde Jos\u00e9 Luis Abarca, molesto porque los normalistas quer\u00edan \u00abarmar un desastre en Iguala\u00bb. Algunos cuerpos de las v\u00edctimas fueron disueltos con \u00e1cido. Seis que segu\u00edan vivos fueron asesinados despu\u00e9s por \u00f3rdenes del entonces coronel Rodr\u00edguez P\u00e9rez, seg\u00fan detall\u00f3 la periodista.<\/p>\n\n\n\n<p>Pero la autoridad ministerial federal en lugar de perseguir a los responsables de los cr\u00edmenes, ahora llev\u00f3 a la hoguera medi\u00e1tica a la comunicadora.<\/p>\n\n\n\n<p>Sin embargo, la versi\u00f3n de que los normalistas fueron incinerados no sali\u00f3 de una conspiraci\u00f3n de la entonces PGR; sino que el primero que lo divulg\u00f3 p\u00fablicamente fue el padre Alejandro Solalinde, responsable de albergues de migrantes en el Istmo.<\/p>\n\n\n\n<p>\u00bfQU\u00c9 HAY?<\/p>\n\n\n\n<p>Ocho a\u00f1os despu\u00e9s, no llega la justicia, pese a las promesas presidenciales de Andr\u00e9s Manuel L\u00f3pez Obrador. \u00danicamente dos restos de estudiantes quemados han sido identificados plenamente en pruebas gen\u00e9ticas.\u00a0<\/p>\n\n\n\n<p>La Comisi\u00f3n Nacional de los Derechos Humanos ha se\u00f1alado en su recomendaci\u00f3n 15VG\/2018 que estima que \u00abfueron incinerados hasta 19 normalistas\u00bb. <\/p>\n\n\n\n<p>Para comprobarlo, pidi\u00f3 que 114 restos \u00f3seos sean sometidos al Instituto de Medicina Legal de la Universidad de Innsbruck, en Austria, para an\u00e1lisis gen\u00e9tico. Las autoridades, empero, no han querido hacerlo.<\/p>\n\n\n\n<p>\u201cLa \u2018verdad hist\u00f3rica\u2019 ten\u00eda huecos; la \u2018verdad confusa\u2019, muchos m\u00e1s. Encinas, en vez de aclarar las inconsistencias, se queja de la divulgaci\u00f3n de un informe que, desde siempre, debi\u00f3 ser p\u00fablico para que fuera sometido a escrutinio cr\u00edtico\u201d, rese\u00f1a el articulista Sergio Sarmiento.<\/p>\n\n\n\n<p>Sin tratar de ser agoreros del desastre, terminar\u00e1 el sexenio obradorista y no habr\u00e1 justicia para los familiares de los 43 normalistas.\u00a0<\/p>\n","protected":false},"excerpt":{"rendered":"<p>Ismael Garc\u00eda M.\/Zona Roja. Oaxaca de Ju\u00e1rez, Oax., 26 de septiembre de 2022.- \u00bfQu\u00e9 tiene&hellip;<\/p>\n","protected":false},"author":2,"featured_media":41735,"comment_status":"closed","ping_status":"open","sticky":false,"template":"","format":"standard","meta":{"_lmt_disableupdate":"","_lmt_disable":"","_jetpack_memberships_contains_paid_content":false,"footnotes":""},"categories":[456,109,48],"tags":[],"class_list":["post-46217","post","type-post","status-publish","format-standard","has-post-thumbnail","hentry","category-columna","category-minuto-a-minuto","category-zona-critica"],"jetpack_featured_media_url":"https:\/\/zonaroja.com.mx\/wp-content\/uploads\/2022\/05\/Opinion-Ismael-Garcia-M.jpg","jetpack_sharing_enabled":true,"_links":{"self":[{"href":"https:\/\/zonaroja.com.mx\/index.php?rest_route=\/wp\/v2\/posts\/46217","targetHints":{"allow":["GET"]}}],"collection":[{"href":"https:\/\/zonaroja.com.mx\/index.php?rest_route=\/wp\/v2\/posts"}],"about":[{"href":"https:\/\/zonaroja.com.mx\/index.php?rest_route=\/wp\/v2\/types\/post"}],"author":[{"embeddable":true,"href":"https:\/\/zonaroja.com.mx\/index.php?rest_route=\/wp\/v2\/users\/2"}],"replies":[{"embeddable":true,"href":"https:\/\/zonaroja.com.mx\/index.php?rest_route=%2Fwp%2Fv2%2Fcomments&post=46217"}],"version-history":[{"count":1,"href":"https:\/\/zonaroja.com.mx\/index.php?rest_route=\/wp\/v2\/posts\/46217\/revisions"}],"predecessor-version":[{"id":46218,"href":"https:\/\/zonaroja.com.mx\/index.php?rest_route=\/wp\/v2\/posts\/46217\/revisions\/46218"}],"wp:featuredmedia":[{"embeddable":true,"href":"https:\/\/zonaroja.com.mx\/index.php?rest_route=\/wp\/v2\/media\/41735"}],"wp:attachment":[{"href":"https:\/\/zonaroja.com.mx\/index.php?rest_route=%2Fwp%2Fv2%2Fmedia&parent=46217"}],"wp:term":[{"taxonomy":"category","embeddable":true,"href":"https:\/\/zonaroja.com.mx\/index.php?rest_route=%2Fwp%2Fv2%2Fcategories&post=46217"},{"taxonomy":"post_tag","embeddable":true,"href":"https:\/\/zonaroja.com.mx\/index.php?rest_route=%2Fwp%2Fv2%2Ftags&post=46217"}],"curies":[{"name":"wp","href":"https:\/\/api.w.org\/{rel}","templated":true}]}}