{"id":46222,"date":"2022-09-26T07:28:15","date_gmt":"2022-09-26T12:28:15","guid":{"rendered":"http:\/\/www.zonaroja.com.mx\/?p=46222"},"modified":"2022-09-26T07:28:16","modified_gmt":"2022-09-26T12:28:16","slug":"detiene-policia-estatal-a-sujeto-con-arma-de-fuego-en-pinotepa-nacional","status":"publish","type":"post","link":"https:\/\/zonaroja.com.mx\/?p=46222","title":{"rendered":"Detiene Polic\u00eda Estatal a sujeto con arma de fuego en Pinotepa Nacional"},"content":{"rendered":"\n<p>Redacci\u00f3n\/Zona Roja.<\/p>\n\n\n\n<p>Oaxaca de Ju\u00e1rez, Oax., a 26 de septiembre de 2022.- En el marco del operativo interinstitucional efectuado durante el fin de semana, elementos de la Polic\u00eda Estatal en coordinaci\u00f3n con la Secretar\u00eda de la Defensa Nacional (Sedena), Polic\u00eda Vial Estatal y Polic\u00edas Municipales, aseguraron a un masculino con posesi\u00f3n de un arma de fuego.&nbsp;<\/p>\n\n\n\n<p>Los hechos ocurrieron en la calle quinta sur y quinta poniente de la colonia 5 de mayo, perteneciente al municipio de Santiago Pinotepa Nacional, en donde fue detenido Erick \u201cNN\u201d, mismo que conduc\u00eda una motocicleta sin placas de circulaci\u00f3n.&nbsp;<\/p>\n\n\n\n<p>Al momento de realizarle una revisi\u00f3n, los uniformados le aseguraron un arma de fuego tipo pistola, calibre 22 mil\u00edmetros, tipo hechiza y un cargador met\u00e1lico abastecido con ocho cartuchos \u00fatiles.&nbsp;<\/p>\n\n\n\n<p>Por lo anterior, la persona detenida y lo asegurado, fueron puestos a disposici\u00f3n de las autoridades correspondientes.<\/p>\n","protected":false},"excerpt":{"rendered":"<p>Redacci\u00f3n\/Zona Roja. Oaxaca de Ju\u00e1rez, Oax., a 26 de septiembre de 2022.- En el marco&hellip;<\/p>\n","protected":false},"author":2,"featured_media":46223,"comment_status":"closed","ping_status":"open","sticky":false,"template":"","format":"standard","meta":{"_lmt_disableupdate":"","_lmt_disable":"","_jetpack_memberships_contains_paid_content":false,"footnotes":""},"categories":[109],"tags":[1421],"class_list":["post-46222","post","type-post","status-publish","format-standard","has-post-thumbnail","hentry","category-minuto-a-minuto","tag-secretaria-de-seguridad-publica-de-oaxaca-sspo"],"jetpack_featured_media_url":"https:\/\/zonaroja.com.mx\/wp-content\/uploads\/2022\/09\/Armado-detenido-Pinotepa-Nacional.jpg","jetpack_sharing_enabled":true,"_links":{"self":[{"href":"https:\/\/zonaroja.com.mx\/index.php?rest_route=\/wp\/v2\/posts\/46222","targetHints":{"allow":["GET"]}}],"collection":[{"href":"https:\/\/zonaroja.com.mx\/index.php?rest_route=\/wp\/v2\/posts"}],"about":[{"href":"https:\/\/zonaroja.com.mx\/index.php?rest_route=\/wp\/v2\/types\/post"}],"author":[{"embeddable":true,"href":"https:\/\/zonaroja.com.mx\/index.php?rest_route=\/wp\/v2\/users\/2"}],"replies":[{"embeddable":true,"href":"https:\/\/zonaroja.com.mx\/index.php?rest_route=%2Fwp%2Fv2%2Fcomments&post=46222"}],"version-history":[{"count":1,"href":"https:\/\/zonaroja.com.mx\/index.php?rest_route=\/wp\/v2\/posts\/46222\/revisions"}],"predecessor-version":[{"id":46224,"href":"https:\/\/zonaroja.com.mx\/index.php?rest_route=\/wp\/v2\/posts\/46222\/revisions\/46224"}],"wp:featuredmedia":[{"embeddable":true,"href":"https:\/\/zonaroja.com.mx\/index.php?rest_route=\/wp\/v2\/media\/46223"}],"wp:attachment":[{"href":"https:\/\/zonaroja.com.mx\/index.php?rest_route=%2Fwp%2Fv2%2Fmedia&parent=46222"}],"wp:term":[{"taxonomy":"category","embeddable":true,"href":"https:\/\/zonaroja.com.mx\/index.php?rest_route=%2Fwp%2Fv2%2Fcategories&post=46222"},{"taxonomy":"post_tag","embeddable":true,"href":"https:\/\/zonaroja.com.mx\/index.php?rest_route=%2Fwp%2Fv2%2Ftags&post=46222"}],"curies":[{"name":"wp","href":"https:\/\/api.w.org\/{rel}","templated":true}]}}