{"id":46231,"date":"2022-09-26T12:58:36","date_gmt":"2022-09-26T17:58:36","guid":{"rendered":"https:\/\/www.zonaroja.com.mx\/?p=46231"},"modified":"2022-09-26T13:50:24","modified_gmt":"2022-09-26T18:50:24","slug":"prepara-seccion-22-movilizaciones-por-relevo-del-comite-ejecutivo-van-20-meses-de-atraso","status":"publish","type":"post","link":"https:\/\/zonaroja.com.mx\/?p=46231","title":{"rendered":"Prepara Secci\u00f3n 22 movilizaciones por relevo del Comit\u00e9 Ejecutivo, van 20 meses de atraso"},"content":{"rendered":"\n<p>Yuridiana Sosa\/ Zona Roja.<\/p>\n\n\n\n<p>Oaxaca de Ju\u00e1rez, Oax., 26 de septiembre de 2022.- La Secci\u00f3n 22 del Sindicato Nacional de Trabajadores de la Educaci\u00f3n (SNTE) avanza en el proceso de renovaci\u00f3n del Comit\u00e9 Ejecutivo Seccional, que a m\u00e1s de 20 meses de vencido el plazo a\u00fan encabeza Eloy L\u00f3pez Hern\u00e1ndez.<\/p>\n\n\n\n<p>Durante la Asamblea Estatal tem\u00e1tica realizada el s\u00e1bado 24 y concluida hasta la madrugada del 25 de septiembre, acordaron que la Comisi\u00f3n Pol\u00edtica y la Comisi\u00f3n de Seguimiento y Concreci\u00f3n para el relevo seccional exijan al SNTE emita la convocatoria para el relevo seccional, para analizar las condiciones y los t\u00e9rminos que establecen para su valoraci\u00f3n, an\u00e1lisis y establecer un plan de acci\u00f3n.<\/p>\n\n\n\n<p>Como parte de las labores para la renovaci\u00f3n, el magisterio acord\u00f3 realizar una acci\u00f3n pol\u00edtica para la cobertura de la exigencia de la convocatoria que emitir\u00e1 el SNTE, sin precisar a\u00fan el tipo de movilizaci\u00f3n ni fecha.<\/p>\n\n\n\n<p>Ante las fracturas que se han generado en el transcurso de la dirigencia de L\u00f3pez Hern\u00e1ndez, sobre todo en los \u00faltimos meses, la Asamblea acord\u00f3 anteponer la unidad del Movimiento Democr\u00e1tico de los Trabajadores de la Educaci\u00f3n en Oaxaca (MDTEO) \u201cpor encima de intereses personales y de grupo para poder concretar una nueva dirigencia seccional fortalecida y unificada, bajo los principios del movimiento\u201d.<\/p>\n\n\n\n<p>Entre las tareas que fijaron es culminar con la renovaci\u00f3n de delegaciones y centros de trabajo para agilizar el proceso de renovaci\u00f3n sindical, que de acuerdo al informe de la Secretar\u00eda de Organizaci\u00f3n se cuenta con el 55 por ciento de avance.<\/p>\n\n\n\n<p>Este proceso, que se ha exigido desde el 2021 al vencer el plazo de la dirigencia que encabeza Eloy L\u00f3pez Hern\u00e1ndez en&nbsp;21 de enero&nbsp;de ese a\u00f1o.<\/p>\n\n\n\n<p>Tras diversas asambleas, el pasado mes de julio se la Asamblea Estatal tem\u00e1tica de la Secci\u00f3n 22 SNTE aval\u00f3 la integraci\u00f3n de una Comisi\u00f3n de Seguimiento y Concreci\u00f3n del Relevo Seccional 2022.<\/p>\n\n\n\n<p>Con esta comisi\u00f3n interna se integr\u00f3 con la participaci\u00f3n de dos miembros de cada regi\u00f3n de la gremial, quienes no podr\u00e1n participar en el proceso de relevo seccional con el fin de no ser juez y parte.<\/p>\n","protected":false},"excerpt":{"rendered":"<p>Yuridiana Sosa\/ Zona Roja. Oaxaca de Ju\u00e1rez, Oax., 26 de septiembre de 2022.- La Secci\u00f3n&hellip;<\/p>\n","protected":false},"author":2,"featured_media":46229,"comment_status":"closed","ping_status":"open","sticky":false,"template":"","format":"standard","meta":{"_lmt_disableupdate":"","_lmt_disable":"","_jetpack_memberships_contains_paid_content":false,"footnotes":""},"categories":[109,47],"tags":[],"class_list":["post-46231","post","type-post","status-publish","format-standard","has-post-thumbnail","hentry","category-minuto-a-minuto","category-zona-gris"],"jetpack_featured_media_url":"https:\/\/zonaroja.com.mx\/wp-content\/uploads\/2022\/09\/img_5538.jpg","jetpack_sharing_enabled":true,"_links":{"self":[{"href":"https:\/\/zonaroja.com.mx\/index.php?rest_route=\/wp\/v2\/posts\/46231","targetHints":{"allow":["GET"]}}],"collection":[{"href":"https:\/\/zonaroja.com.mx\/index.php?rest_route=\/wp\/v2\/posts"}],"about":[{"href":"https:\/\/zonaroja.com.mx\/index.php?rest_route=\/wp\/v2\/types\/post"}],"author":[{"embeddable":true,"href":"https:\/\/zonaroja.com.mx\/index.php?rest_route=\/wp\/v2\/users\/2"}],"replies":[{"embeddable":true,"href":"https:\/\/zonaroja.com.mx\/index.php?rest_route=%2Fwp%2Fv2%2Fcomments&post=46231"}],"version-history":[{"count":1,"href":"https:\/\/zonaroja.com.mx\/index.php?rest_route=\/wp\/v2\/posts\/46231\/revisions"}],"predecessor-version":[{"id":46232,"href":"https:\/\/zonaroja.com.mx\/index.php?rest_route=\/wp\/v2\/posts\/46231\/revisions\/46232"}],"wp:featuredmedia":[{"embeddable":true,"href":"https:\/\/zonaroja.com.mx\/index.php?rest_route=\/wp\/v2\/media\/46229"}],"wp:attachment":[{"href":"https:\/\/zonaroja.com.mx\/index.php?rest_route=%2Fwp%2Fv2%2Fmedia&parent=46231"}],"wp:term":[{"taxonomy":"category","embeddable":true,"href":"https:\/\/zonaroja.com.mx\/index.php?rest_route=%2Fwp%2Fv2%2Fcategories&post=46231"},{"taxonomy":"post_tag","embeddable":true,"href":"https:\/\/zonaroja.com.mx\/index.php?rest_route=%2Fwp%2Fv2%2Ftags&post=46231"}],"curies":[{"name":"wp","href":"https:\/\/api.w.org\/{rel}","templated":true}]}}