{"id":46240,"date":"2022-09-26T16:23:01","date_gmt":"2022-09-26T21:23:01","guid":{"rendered":"http:\/\/www.zonaroja.com.mx\/?p=46240"},"modified":"2022-09-26T16:23:03","modified_gmt":"2022-09-26T21:23:03","slug":"enesima-balacera-en-la-ciudad-de-oaxaca-presuntos-catem-la-protagonizaron","status":"publish","type":"post","link":"https:\/\/zonaroja.com.mx\/?p=46240","title":{"rendered":"En\u00e9sima balacera en la ciudad de Oaxaca; presuntos CATEM la protagonizaron"},"content":{"rendered":"\n<p>Redacci\u00f3n\/Zona Roja.<\/p>\n\n\n\n<p>Oaxaca de Ju\u00e1rez, Oax., a 26 de septiembre de 2022.- Una en\u00e9sima balacera ocurri\u00f3 en la ciudad de Oaxaca, en jurisdicci\u00f3n de la Central de Abasto, con saldo de dos personas detenidas.<\/p>\n\n\n\n<p>Fue el viernes en que los comerciantes y transe\u00fantes vivieron una noche de terror en dicha zona, por agresiones armadas de presuntos transportistas de la Confederaci\u00f3n Aut\u00f3noma de Trabajadores y Empleados (CATEM).<\/p>\n\n\n\n<p>En esta ocasi\u00f3n, elementos de la polic\u00eda municipal se movilizaron r\u00e1pidamente en busca de los autores del tiroteo, sin saldos fatales, que seg\u00fan informes de la autoridad local, eran encabezados por David, alias \u201cEl Junior\u201d.<\/p>\n\n\n\n<p>Tras la persecuci\u00f3n, fueron detenidos dos de ellos, con un arma de fuego y una motocicleta con reporte de robo.<\/p>\n\n\n\n<p>Los detenidos dijeron llamarse Emanuel V. R., de 33 a\u00f1os de edad, y Juan P. V. L., de 23 a\u00f1os de edad.<\/p>\n\n\n\n<p>Durante los recorridos, los polic\u00edas municipales hallaron debajo de un taxi una pistola calibre 22, con tres cartuchos \u00fatiles; aseguraron adem\u00e1s una motocicleta marca It\u00e1lika, con la placa de circulaci\u00f3n tapada por una bolsa y que hab\u00eda sido reportada como robada.<\/p>\n\n\n\n<p>Los detenidos, el arma y la motocicleta quedaron a disposici\u00f3n de la autoridad ministerial para determinar su situaci\u00f3n jur\u00eddica.<\/p>\n\n\n\n<p>A trav\u00e9s de las redes sociales fueron difundidos videos donde se observa a los sujetos realizando detonaciones de arma de fuego y alertaron a la polic\u00eda.<\/p>\n","protected":false},"excerpt":{"rendered":"<p>Redacci\u00f3n\/Zona Roja. Oaxaca de Ju\u00e1rez, Oax., a 26 de septiembre de 2022.- Una en\u00e9sima balacera&hellip;<\/p>\n","protected":false},"author":2,"featured_media":46241,"comment_status":"closed","ping_status":"open","sticky":false,"template":"","format":"standard","meta":{"_lmt_disableupdate":"","_lmt_disable":"","_jetpack_memberships_contains_paid_content":false,"footnotes":""},"categories":[109,47],"tags":[148],"class_list":["post-46240","post","type-post","status-publish","format-standard","has-post-thumbnail","hentry","category-minuto-a-minuto","category-zona-gris","tag-oaxaca-de-juarez"],"jetpack_featured_media_url":"https:\/\/zonaroja.com.mx\/wp-content\/uploads\/2022\/09\/Detenidos-Central-de-Abasto.webp","jetpack_sharing_enabled":true,"_links":{"self":[{"href":"https:\/\/zonaroja.com.mx\/index.php?rest_route=\/wp\/v2\/posts\/46240","targetHints":{"allow":["GET"]}}],"collection":[{"href":"https:\/\/zonaroja.com.mx\/index.php?rest_route=\/wp\/v2\/posts"}],"about":[{"href":"https:\/\/zonaroja.com.mx\/index.php?rest_route=\/wp\/v2\/types\/post"}],"author":[{"embeddable":true,"href":"https:\/\/zonaroja.com.mx\/index.php?rest_route=\/wp\/v2\/users\/2"}],"replies":[{"embeddable":true,"href":"https:\/\/zonaroja.com.mx\/index.php?rest_route=%2Fwp%2Fv2%2Fcomments&post=46240"}],"version-history":[{"count":1,"href":"https:\/\/zonaroja.com.mx\/index.php?rest_route=\/wp\/v2\/posts\/46240\/revisions"}],"predecessor-version":[{"id":46242,"href":"https:\/\/zonaroja.com.mx\/index.php?rest_route=\/wp\/v2\/posts\/46240\/revisions\/46242"}],"wp:featuredmedia":[{"embeddable":true,"href":"https:\/\/zonaroja.com.mx\/index.php?rest_route=\/wp\/v2\/media\/46241"}],"wp:attachment":[{"href":"https:\/\/zonaroja.com.mx\/index.php?rest_route=%2Fwp%2Fv2%2Fmedia&parent=46240"}],"wp:term":[{"taxonomy":"category","embeddable":true,"href":"https:\/\/zonaroja.com.mx\/index.php?rest_route=%2Fwp%2Fv2%2Fcategories&post=46240"},{"taxonomy":"post_tag","embeddable":true,"href":"https:\/\/zonaroja.com.mx\/index.php?rest_route=%2Fwp%2Fv2%2Ftags&post=46240"}],"curies":[{"name":"wp","href":"https:\/\/api.w.org\/{rel}","templated":true}]}}