{"id":46247,"date":"2022-09-26T20:52:16","date_gmt":"2022-09-27T01:52:16","guid":{"rendered":"http:\/\/www.zonaroja.com.mx\/?p=46247"},"modified":"2022-09-26T20:52:17","modified_gmt":"2022-09-27T01:52:17","slug":"por-enganos-de-segego-reinstalan-de-nuevo-huelga-por-10-retenidos","status":"publish","type":"post","link":"https:\/\/zonaroja.com.mx\/?p=46247","title":{"rendered":"Por enga\u00f1os de Segego, reinstalan de nuevo huelga por 10 retenidos"},"content":{"rendered":"\n<p>Yuridiana Sosa\/ Zona Roja.<\/p>\n\n\n\n<p>Oaxaca de Ju\u00e1rez, Oax., 26 de septiembre de 2022.- A 25 d\u00edas de los hechos, 10 pobladores de Santiago Progreso, del municipio de Valle Nacional, siguen privados de su libertad ilegalmente por habitantes y autoridades de San Pedro Ozumac\u00edn, Ayotzintepec, sin que la Secretar\u00eda General de Gobierno de Oaxaca consiga acuerdos.<\/p>\n\n\n\n<p>Ante la falta de soluci\u00f3n y a modo de presi\u00f3n, Adriana Mart\u00ednez \u00c1ngulo, Giuliani Santiago Perez, Maribel Luna P\u00e9rez y Catalina Atala Pacheco, esposas de algunos de los retenidos, reinstalaron una huelga de hambre en la capital,<\/p>\n\n\n\n<p>El pasado 21 de septiembre, las afectadas suspendieron esta protesta a petici\u00f3n de Segego, que prometi\u00f3 liberar a sus familiares de forma inmediata en las horas siguientes, pero fall\u00f3.<\/p>\n\n\n\n<p>El acuerdo con las familias era liberar a los 10 hombres y posteriormente otra comisi\u00f3n de habitantes de Santiago Progreso asistir\u00edan el 22 de septiembre a una asamblea a Ozumac\u00edn, no obstante la Segego no convenci\u00f3 a sus vecinos para&nbsp;desencarcelarlos.<\/p>\n\n\n\n<p>\u201cSin embargo, lejos de coadyuvar en la liberaci\u00f3n de los 10 secuestrados por San Pedro Ozumac\u00edn, los representantes de la Secretar\u00eda General De Gobierno manifestaron de manera p\u00fablica que la liberaci\u00f3n depend\u00eda de la asamblea de ejidatarios y que se iba hacer lo que ellos acordaran\u201d, apuntaron durante una conferencia de prensa la ma\u00f1ana de este lunes.<\/p>\n\n\n\n<p>Los habitantes de Santiago Progreso demandaron la intervenci\u00f3n de la Fiscal\u00eda General de Rep\u00fablica para actuar contra los integrantes del Comisariado Ejidal y Consejo de Vigilancia, quienes ordenaron y mantienen la retenci\u00f3n.<\/p>\n\n\n\n<p>Hasta esta noche contin\u00faan en huelga de hambre en el exterior del llamado Palacio Federal, sede del Instituto Nacional de Migraci\u00f3n, entre otras dependencias federales, ubicado en la avenida Independencia, frente a la Alameda de Le\u00f3n.<\/p>\n\n\n\n<figure class=\"wp-block-embed is-type-rich is-provider-twitter wp-block-embed-twitter\"><div class=\"wp-block-embed__wrapper\">\n<div class=\"twitter-tweet\"><blockquote class=\"twitter-tweet\" data-lang=\"es\"><p lang=\"es\" dir=\"ltr\">b) Los familiares de los retenidos en Ozumac\u00edn demandan la intervenci\u00f3n de la <a href=\"https:\/\/twitter.com\/SEGOB_mx?ref_src=twsrc%5Etfw\">@SEGOB_mx<\/a> y del Presidente <a href=\"https:\/\/twitter.com\/lopezobrador_?ref_src=twsrc%5Etfw\">@lopezobrador_<\/a>, para que liberen a la brevedad a las 10 personas. <a href=\"https:\/\/t.co\/bGoDrAj1fv\">pic.twitter.com\/bGoDrAj1fv<\/a><\/p>&mdash; Zona Roja Oaxaca (@ZonaRoja_Oaxaca) <a href=\"https:\/\/twitter.com\/ZonaRoja_Oaxaca\/status\/1574470042976227334?ref_src=twsrc%5Etfw\">26 de septiembre de 2022<\/a><\/blockquote><\/div>\n<\/div><\/figure>\n","protected":false},"excerpt":{"rendered":"<p>Yuridiana Sosa\/ Zona Roja. Oaxaca de Ju\u00e1rez, Oax., 26 de septiembre de 2022.- A 25&hellip;<\/p>\n","protected":false},"author":2,"featured_media":46244,"comment_status":"closed","ping_status":"open","sticky":false,"template":"","format":"standard","meta":{"_lmt_disableupdate":"","_lmt_disable":"","_jetpack_memberships_contains_paid_content":false,"footnotes":""},"categories":[109,47],"tags":[3260],"class_list":["post-46247","post","type-post","status-publish","format-standard","has-post-thumbnail","hentry","category-minuto-a-minuto","category-zona-gris","tag-santiago-progreso"],"jetpack_featured_media_url":"https:\/\/zonaroja.com.mx\/wp-content\/uploads\/2022\/09\/Huelga-de-hambre-Santiago-Progreso.jpg","jetpack_sharing_enabled":true,"_links":{"self":[{"href":"https:\/\/zonaroja.com.mx\/index.php?rest_route=\/wp\/v2\/posts\/46247","targetHints":{"allow":["GET"]}}],"collection":[{"href":"https:\/\/zonaroja.com.mx\/index.php?rest_route=\/wp\/v2\/posts"}],"about":[{"href":"https:\/\/zonaroja.com.mx\/index.php?rest_route=\/wp\/v2\/types\/post"}],"author":[{"embeddable":true,"href":"https:\/\/zonaroja.com.mx\/index.php?rest_route=\/wp\/v2\/users\/2"}],"replies":[{"embeddable":true,"href":"https:\/\/zonaroja.com.mx\/index.php?rest_route=%2Fwp%2Fv2%2Fcomments&post=46247"}],"version-history":[{"count":1,"href":"https:\/\/zonaroja.com.mx\/index.php?rest_route=\/wp\/v2\/posts\/46247\/revisions"}],"predecessor-version":[{"id":46248,"href":"https:\/\/zonaroja.com.mx\/index.php?rest_route=\/wp\/v2\/posts\/46247\/revisions\/46248"}],"wp:featuredmedia":[{"embeddable":true,"href":"https:\/\/zonaroja.com.mx\/index.php?rest_route=\/wp\/v2\/media\/46244"}],"wp:attachment":[{"href":"https:\/\/zonaroja.com.mx\/index.php?rest_route=%2Fwp%2Fv2%2Fmedia&parent=46247"}],"wp:term":[{"taxonomy":"category","embeddable":true,"href":"https:\/\/zonaroja.com.mx\/index.php?rest_route=%2Fwp%2Fv2%2Fcategories&post=46247"},{"taxonomy":"post_tag","embeddable":true,"href":"https:\/\/zonaroja.com.mx\/index.php?rest_route=%2Fwp%2Fv2%2Ftags&post=46247"}],"curies":[{"name":"wp","href":"https:\/\/api.w.org\/{rel}","templated":true}]}}