{"id":46249,"date":"2022-09-26T22:00:42","date_gmt":"2022-09-27T03:00:42","guid":{"rendered":"http:\/\/www.zonaroja.com.mx\/?p=46249"},"modified":"2022-09-26T22:00:44","modified_gmt":"2022-09-27T03:00:44","slug":"organizaciones-auguran-dificil-y-represor-sexenio-con-salomon-jara","status":"publish","type":"post","link":"https:\/\/zonaroja.com.mx\/?p=46249","title":{"rendered":"Organizaciones auguran dif\u00edcil y represor sexenio con Salom\u00f3n Jara"},"content":{"rendered":"\n<p>Yuridiana Sosa\/Zona Roja.<\/p>\n\n\n\n<p>Oaxaca de Ju\u00e1rez, Oax., 26 de septiembre de 2022.- A menos de dos meses del relevo de administraci\u00f3n en Oaxaca, y con referencia al gobierno de M\u00e9xico, organizaciones estatales presagian que el sexenio que encabezar\u00e1 Salom\u00f3n Jara Cruz, de Morena, ser\u00e1 represor ante las movilizaciones.<\/p>\n\n\n\n<p>\u201cEn Oaxaca vamos a comenzar una historia muy dif\u00edcil, porque hay una izquierda electoral que se asume como heredera de la lucha de los pueblos\u2026 pero ellos se preparan para reprimir\u201d, sentenciaron durante la manifestaci\u00f3n conmemorativa de los ocho a\u00f1os de la desaparici\u00f3n de 43 normalistas de Ayotzinapa, Guerrero.<\/p>\n\n\n\n<p>A la puerta de las instalaciones de la XXVIII Zona Militar de la Secretar\u00eda de la Defensa Nacional, en Santa Mar\u00eda Ixcotel, de Santa Luc\u00eda del Camino, conurbada a la capital, integrantes de diversas organizaciones realizaron un mitin tras varios minutos de actividades de protesta.<\/p>\n\n\n\n<p>\u201cHan llegado al grado de decir que en Oaxaca no hay luchadores sociales porque ahora ellos se aprestan a gobernar\u2026 ellos se preparan para reprimir, como lo vimos en la televisi\u00f3n hace unos d\u00edas\u201d, se\u00f1al\u00f3 Ad\u00e1n Mej\u00eda, dirigente de UACOL, en referencia a la reciente gresca entre elementos el Ej\u00e9rcito M\u00e9xico con normalistas de la Ciudad de M\u00e9xico, en instalaciones militares &nbsp;<\/p>\n\n\n\n<p>Minutos previos, integrantes de las organizaciones Frente Popular Revolucionario (FPR) y Uni\u00f3n de Artesanos, Locatarios y Comerciantes en Lucha (UACOL), realizaron pintas de consignas en el inmueble.<\/p>\n\n\n\n<p>PROTESTAS PAC\u00cdFICAS<\/p>\n\n\n\n<p>En tanto, normalistas de Oaxaca realizaron por la ma\u00f1ana protestas pac\u00edficas en el atrio de Santo Domingo de Guzm\u00e1n, con la colocaci\u00f3n de butacas con en memoria de los compa\u00f1eros desaparecidos y asesinados.<\/p>\n\n\n\n<p>As\u00ed tambi\u00e9n, con un tendedero de im\u00e1genes, estudiantes tambi\u00e9n protestaron en la Alameda de Le\u00f3n.<\/p>\n\n\n\n<p>Por la tarde, otro grupo de estudiantes se moviliz\u00f3 en marcha de la fuente de Ocho Regiones, al norte de la ciudad, al z\u00f3calo de la capital.<\/p>\n\n\n\n<p>En su recorrido realizaron destrozos y pintas a establecimientos, principalmente en sucursales bancarias.&nbsp;<\/p>\n\n\n\n<p>El mitin concluy\u00f3 en el z\u00f3calo, sin mayores actos violentos, m\u00e1s que las pintas.<\/p>\n\n\n\n<figure class=\"wp-block-embed is-type-rich is-provider-twitter wp-block-embed-twitter\"><div class=\"wp-block-embed__wrapper\">\n<div class=\"twitter-tweet\"><blockquote class=\"twitter-tweet\" data-lang=\"es\"><p lang=\"es\" dir=\"ltr\">En el mitin por Ayotzinapa frente a <a href=\"https:\/\/twitter.com\/SEDENAmx?ref_src=twsrc%5Etfw\">@SEDENAmx<\/a> en Oaxaca, organizaciones sociales auguraron un panorama dif\u00edcil el pr\u00f3ximo sexenio que encabezar\u00e1 <a href=\"https:\/\/twitter.com\/salomonj?ref_src=twsrc%5Etfw\">@salomonj<\/a>.<br>\u201cHay una izquierda electoral que se asume como heredera de la lucha de los pueblos\u2026 pero ellos se preparan para reprimir\u201d. <a href=\"https:\/\/t.co\/HBD96VvAUZ\">pic.twitter.com\/HBD96VvAUZ<\/a><\/p>&mdash; Zona Roja Oaxaca (@ZonaRoja_Oaxaca) <a href=\"https:\/\/twitter.com\/ZonaRoja_Oaxaca\/status\/1574487225521393665?ref_src=twsrc%5Etfw\">26 de septiembre de 2022<\/a><\/blockquote><\/div>\n<\/div><\/figure>\n","protected":false},"excerpt":{"rendered":"<p>Yuridiana Sosa\/Zona Roja. Oaxaca de Ju\u00e1rez, Oax., 26 de septiembre de 2022.- A menos de&hellip;<\/p>\n","protected":false},"author":2,"featured_media":46250,"comment_status":"closed","ping_status":"open","sticky":false,"template":"","format":"standard","meta":{"_lmt_disableupdate":"","_lmt_disable":"","_jetpack_memberships_contains_paid_content":false,"footnotes":""},"categories":[109,47],"tags":[],"class_list":["post-46249","post","type-post","status-publish","format-standard","has-post-thumbnail","hentry","category-minuto-a-minuto","category-zona-gris"],"jetpack_featured_media_url":"https:\/\/zonaroja.com.mx\/wp-content\/uploads\/2022\/09\/Protesta-organizaciones-sociales-Sedena-Ixcotel.jpg","jetpack_sharing_enabled":true,"_links":{"self":[{"href":"https:\/\/zonaroja.com.mx\/index.php?rest_route=\/wp\/v2\/posts\/46249","targetHints":{"allow":["GET"]}}],"collection":[{"href":"https:\/\/zonaroja.com.mx\/index.php?rest_route=\/wp\/v2\/posts"}],"about":[{"href":"https:\/\/zonaroja.com.mx\/index.php?rest_route=\/wp\/v2\/types\/post"}],"author":[{"embeddable":true,"href":"https:\/\/zonaroja.com.mx\/index.php?rest_route=\/wp\/v2\/users\/2"}],"replies":[{"embeddable":true,"href":"https:\/\/zonaroja.com.mx\/index.php?rest_route=%2Fwp%2Fv2%2Fcomments&post=46249"}],"version-history":[{"count":1,"href":"https:\/\/zonaroja.com.mx\/index.php?rest_route=\/wp\/v2\/posts\/46249\/revisions"}],"predecessor-version":[{"id":46251,"href":"https:\/\/zonaroja.com.mx\/index.php?rest_route=\/wp\/v2\/posts\/46249\/revisions\/46251"}],"wp:featuredmedia":[{"embeddable":true,"href":"https:\/\/zonaroja.com.mx\/index.php?rest_route=\/wp\/v2\/media\/46250"}],"wp:attachment":[{"href":"https:\/\/zonaroja.com.mx\/index.php?rest_route=%2Fwp%2Fv2%2Fmedia&parent=46249"}],"wp:term":[{"taxonomy":"category","embeddable":true,"href":"https:\/\/zonaroja.com.mx\/index.php?rest_route=%2Fwp%2Fv2%2Fcategories&post=46249"},{"taxonomy":"post_tag","embeddable":true,"href":"https:\/\/zonaroja.com.mx\/index.php?rest_route=%2Fwp%2Fv2%2Ftags&post=46249"}],"curies":[{"name":"wp","href":"https:\/\/api.w.org\/{rel}","templated":true}]}}