{"id":46252,"date":"2022-09-27T09:01:00","date_gmt":"2022-09-27T14:01:00","guid":{"rendered":"http:\/\/www.zonaroja.com.mx\/?p=46252"},"modified":"2022-09-27T06:30:36","modified_gmt":"2022-09-27T11:30:36","slug":"suman-17-personas-fallecidas-por-tiroteo-en-escuela-de-rusia","status":"publish","type":"post","link":"https:\/\/zonaroja.com.mx\/?p=46252","title":{"rendered":"Suman 17 personas fallecidas por tiroteo en escuela de Rusia"},"content":{"rendered":"\n<p>Redacci\u00f3n\/Zona Roja Cdmx.<\/p>\n\n\n\n<p>Ciudad de M\u00e9xico, a 27 de septiembre de 2022.- Un hombre mat\u00f3 a tiros a 17 personas en una escuela del cen\u00adtro de Rusia, para luego suicidarse.<\/p>\n\n\n\n<p>Adem\u00e1s, lesion\u00f3 a otras 24 personas e iba armado con dos pistolas y una gran cantidad de balas.<\/p>\n\n\n\n<p>El ataque ocurri\u00f3 en la Escuela 88, en Izhevsk, a unos 960 kil\u00f3metros al este de Mosc\u00fa.<\/p>\n\n\n\n<p>Seg\u00fan un comunicado del Comit\u00e9 Investigador de Rusia, el agresor fue iden\u00adtificado Artyom Kazantsev, de 34 a\u00f1os, egresado de la escuela en la que cometi\u00f3 el il\u00edcito.<\/p>\n\n\n\n<p>El hombre vest\u00eda una camiseta y un pantal\u00f3n color negro. Adem\u00e1s, en el pecho portaba la su\u00e1stica, s\u00edmbolo nazi, destacada en color rojo.<\/p>\n\n\n\n<p>De los fallecidos, 11 son ni\u00f1os, mientras que en\u00adtre los lesionados, hay 22 menores.<\/p>\n\n\n\n<p>Kazantsev mat\u00f3 a dos guardias de seguridad para infiltrarse en el co\u00adlegio en el que est\u00e1n ma\u00adtriculados 982 alumnos y trabajan 80 profesores.<\/p>\n\n\n\n<p>Posteriormente, el ata\u00adcante ingres\u00f3 a un sal\u00f3n y perpetr\u00f3 el ataque, para despu\u00e9s quitarse la vida.<\/p>\n\n\n\n<p>De acuerdo con un video difundido por el peri\u00f3dico espa\u00f1ol \u201cEl Mun\u00addo\u201d, el atacante cay\u00f3 sin vida a un costado de un escritorio. Las autoridades inves\u00adtigan el motivo del crimen.<\/p>\n\n\n\n<p>\u201cLa personalidad del atacante, sus opiniones y su entorno est\u00e1n siendo estudiados\u201d, explic\u00f3 el Co\u00admit\u00e9 de Investigaci\u00f3n de Rusia.<\/p>\n\n\n\n<p>El atacante hab\u00eda sido ingresado en una institu\u00adci\u00f3n de atenci\u00f3n mental.<\/p>\n\n\n\n<p>En tanto, el presidente Vladimir Putin califc\u00f3 el incidente como un \u201cacto terrorista inhumano\u201d.<\/p>\n\n\n\n<p>\u201cEl presidente llora profundamente la muer\u00adte de personas, ni\u00f1os, en esta escuela donde se per\u00adpetr\u00f3 un atentado terroris\u00adta\u201d, declar\u00f3 el portavoz del Kremlin, Dmitri Peskov.<\/p>\n\n\n\n<p>Por su parte, La Uni\u00f3n Europea y Naciones Uni\u00addas tambi\u00e9n condenaron el tiroteo.<\/p>\n\n\n\n<p>La UE condena el ti\u00adroteo a una escuela en Izhevsk y expresa sus m\u00e1s sentidas condolencias a las familias y amigos de las v\u00edctimas del tr\u00e1gico su\u00adceso de hoy (ayer)\u201d, se\u00f1al\u00f3 el portavoz de Exteriores de la UE, Peter Stano, en un mensaje difundido v\u00eda Twitter.<\/p>\n\n\n\n<p>(Informaci\u00f3n de agencias internacionales en \u201cExc\u00e9lsior\u201d)<\/p>\n","protected":false},"excerpt":{"rendered":"<p>Redacci\u00f3n\/Zona Roja Cdmx. Ciudad de M\u00e9xico, a 27 de septiembre de 2022.- Un hombre mat\u00f3&hellip;<\/p>\n","protected":false},"author":2,"featured_media":46253,"comment_status":"closed","ping_status":"open","sticky":false,"template":"","format":"standard","meta":{"_lmt_disableupdate":"","_lmt_disable":"","_jetpack_memberships_contains_paid_content":false,"footnotes":""},"categories":[109,47],"tags":[],"class_list":["post-46252","post","type-post","status-publish","format-standard","has-post-thumbnail","hentry","category-minuto-a-minuto","category-zona-gris"],"jetpack_featured_media_url":"https:\/\/zonaroja.com.mx\/wp-content\/uploads\/2022\/09\/Tiroteo-Rusia.jpeg","jetpack_sharing_enabled":true,"_links":{"self":[{"href":"https:\/\/zonaroja.com.mx\/index.php?rest_route=\/wp\/v2\/posts\/46252","targetHints":{"allow":["GET"]}}],"collection":[{"href":"https:\/\/zonaroja.com.mx\/index.php?rest_route=\/wp\/v2\/posts"}],"about":[{"href":"https:\/\/zonaroja.com.mx\/index.php?rest_route=\/wp\/v2\/types\/post"}],"author":[{"embeddable":true,"href":"https:\/\/zonaroja.com.mx\/index.php?rest_route=\/wp\/v2\/users\/2"}],"replies":[{"embeddable":true,"href":"https:\/\/zonaroja.com.mx\/index.php?rest_route=%2Fwp%2Fv2%2Fcomments&post=46252"}],"version-history":[{"count":1,"href":"https:\/\/zonaroja.com.mx\/index.php?rest_route=\/wp\/v2\/posts\/46252\/revisions"}],"predecessor-version":[{"id":46254,"href":"https:\/\/zonaroja.com.mx\/index.php?rest_route=\/wp\/v2\/posts\/46252\/revisions\/46254"}],"wp:featuredmedia":[{"embeddable":true,"href":"https:\/\/zonaroja.com.mx\/index.php?rest_route=\/wp\/v2\/media\/46253"}],"wp:attachment":[{"href":"https:\/\/zonaroja.com.mx\/index.php?rest_route=%2Fwp%2Fv2%2Fmedia&parent=46252"}],"wp:term":[{"taxonomy":"category","embeddable":true,"href":"https:\/\/zonaroja.com.mx\/index.php?rest_route=%2Fwp%2Fv2%2Fcategories&post=46252"},{"taxonomy":"post_tag","embeddable":true,"href":"https:\/\/zonaroja.com.mx\/index.php?rest_route=%2Fwp%2Fv2%2Ftags&post=46252"}],"curies":[{"name":"wp","href":"https:\/\/api.w.org\/{rel}","templated":true}]}}