{"id":46255,"date":"2022-09-27T06:35:40","date_gmt":"2022-09-27T11:35:40","guid":{"rendered":"http:\/\/www.zonaroja.com.mx\/?p=46255"},"modified":"2022-09-27T06:35:42","modified_gmt":"2022-09-27T11:35:42","slug":"culmina-foro-virtual-semana-de-la-democracia-del-ieepco","status":"publish","type":"post","link":"https:\/\/zonaroja.com.mx\/?p=46255","title":{"rendered":"Culmina foro virtual Semana de la Democracia del IEEPCO"},"content":{"rendered":"\n<p>Redacci\u00f3n\/Zona Roja.<\/p>\n\n\n\n<p>Oaxaca de Ju\u00e1rez, Oax., a 27 de septiembre de 2022.- El Instituto Estatal Electoral y de Participaci\u00f3n Ciudadana de Oaxaca (IEEPCO) concluy\u00f3 de manera exitosa la \u201cSemana de la Democracia: las juventudes diversas hablan\u201d, que se llev\u00f3 a cabo del 19 al 23 de septiembre con la finalidad de generar espacios de reflexi\u00f3n colectiva en torno al sistema democr\u00e1tico.&nbsp;<\/p>\n\n\n\n<p>Las actividades organizadas por la Comisi\u00f3n Permanente de Cultura C\u00edvica y Participaci\u00f3n Ciudadana llegaron a su fin con el encuentro con juventudes del programa Red Universitaria de Fortalecimiento Democr\u00e1tico Servicio Social Digital 3.0.&nbsp;<\/p>\n\n\n\n<p>Dicho encuentro tuvo la finalidad de presentar las l\u00edneas de investigaci\u00f3n y desarrollo de contenido de las personas que participan al interior del \u00f3rgano electoral realizando su servicio social; adem\u00e1s de reflexionar sobre los retos y desaf\u00edos que enfrentan para tener acceso y representaci\u00f3n en los espacios pol\u00edticos-electorales y c\u00f3mo podr\u00edan ser atendidos por las autoridades electorales.&nbsp;<\/p>\n\n\n\n<p>La moderaci\u00f3n corri\u00f3 a cargo del consejero electoral, Alejandro Carrasco Sampedro, quien destac\u00f3 el inter\u00e9s y la participaci\u00f3n de las juventudes en los temas electorales; adem\u00e1s, asegur\u00f3 que las opiniones y experiencias de estudiantes universitarios deben ser tomadas en cuenta.&nbsp;<\/p>\n\n\n\n<p>\u201cCon este encuentro cerramos una serie actividades que se llevaron a cabo con la finalidad de promover la participaci\u00f3n de las juventudes en el \u00e1mbito electoral\u201d, dijo.&nbsp;<\/p>\n\n\n\n<p>Por su parte, la consejera electoral, Zaira Alhel\u00ed Hip\u00f3lito L\u00f3pez, celebr\u00f3 la realizaci\u00f3n de foros que permiten no solo la escucha de opiniones de las juventudes, sino tambi\u00e9n compartir experiencias con sus pares y tomar acciones respecto a las inquietudes que manifestaron.&nbsp;<\/p>\n\n\n\n<p>En el encuentro participaron \u00c1ngela Mej\u00eda Mat\u00edas, Nathali Isabel Mart\u00ednez P\u00e9rez, Raziel Ortiz Miguel, Shunashi Irene Villatoro Luna y Uriel Ildefonso Sandoval Balbuena, estudiantes de la licenciatura de Derecho de la Universidad Aut\u00f3noma \u201cBenito Ju\u00e1rez\u201d de Oaxaca; Edgar Iv\u00e1n San Juan Galv\u00e1n de la licenciatura en Deporte y Recreaci\u00f3n de la Universidad Hispano; Miguel \u00c1ngel Z\u00e1rate Canseco&nbsp; de la Licenciatura en Ingenier\u00eda de Software de la Universidad del Pac\u00edfico.&nbsp;<\/p>\n\n\n\n<p>As\u00ed mismo, Ruth Esther Pe\u00f1a Marcial estudiante de la licenciatura en Pedagog\u00eda de la Universidad Hispano, Marely S\u00e1nchez Cruz y Juan Manuel Hern\u00e1ndez Vargas, estudiantes de la licenciatura de Derecho de la Universidad Internacional del Pac\u00edfico.&nbsp;<\/p>\n\n\n\n<p>El acto protocolario de clausura estuvo a cargo de la consejera electoral y presidenta de la Comisi\u00f3n Permanente de Educaci\u00f3n C\u00edvica y Participaci\u00f3n Ciudadana, Carmelita Sibaja Ochoa, quien agradeci\u00f3 la participaci\u00f3n e inter\u00e9s de las juventudes, adem\u00e1s de reconocer ampliamente el trabajo realizado por quienes integran la Direcci\u00f3n Ejecutiva de Educaci\u00f3n C\u00edvica y Participaci\u00f3n Ciudadana del \u00f3rgano electoral local.&nbsp;&nbsp;<\/p>\n","protected":false},"excerpt":{"rendered":"<p>Redacci\u00f3n\/Zona Roja. Oaxaca de Ju\u00e1rez, Oax., a 27 de septiembre de 2022.- El Instituto Estatal&hellip;<\/p>\n","protected":false},"author":2,"featured_media":46256,"comment_status":"closed","ping_status":"open","sticky":false,"template":"","format":"standard","meta":{"_lmt_disableupdate":"","_lmt_disable":"","_jetpack_memberships_contains_paid_content":false,"footnotes":""},"categories":[109,46],"tags":[2932],"class_list":["post-46255","post","type-post","status-publish","format-standard","has-post-thumbnail","hentry","category-minuto-a-minuto","category-zona-blanca","tag-instituto-estatal-electoral-y-de-participacion-ciudadana-de-oaxaca-ieepco"],"jetpack_featured_media_url":"https:\/\/zonaroja.com.mx\/wp-content\/uploads\/2022\/09\/Foro-virtual-IEEPCO.jpeg","jetpack_sharing_enabled":true,"_links":{"self":[{"href":"https:\/\/zonaroja.com.mx\/index.php?rest_route=\/wp\/v2\/posts\/46255","targetHints":{"allow":["GET"]}}],"collection":[{"href":"https:\/\/zonaroja.com.mx\/index.php?rest_route=\/wp\/v2\/posts"}],"about":[{"href":"https:\/\/zonaroja.com.mx\/index.php?rest_route=\/wp\/v2\/types\/post"}],"author":[{"embeddable":true,"href":"https:\/\/zonaroja.com.mx\/index.php?rest_route=\/wp\/v2\/users\/2"}],"replies":[{"embeddable":true,"href":"https:\/\/zonaroja.com.mx\/index.php?rest_route=%2Fwp%2Fv2%2Fcomments&post=46255"}],"version-history":[{"count":1,"href":"https:\/\/zonaroja.com.mx\/index.php?rest_route=\/wp\/v2\/posts\/46255\/revisions"}],"predecessor-version":[{"id":46257,"href":"https:\/\/zonaroja.com.mx\/index.php?rest_route=\/wp\/v2\/posts\/46255\/revisions\/46257"}],"wp:featuredmedia":[{"embeddable":true,"href":"https:\/\/zonaroja.com.mx\/index.php?rest_route=\/wp\/v2\/media\/46256"}],"wp:attachment":[{"href":"https:\/\/zonaroja.com.mx\/index.php?rest_route=%2Fwp%2Fv2%2Fmedia&parent=46255"}],"wp:term":[{"taxonomy":"category","embeddable":true,"href":"https:\/\/zonaroja.com.mx\/index.php?rest_route=%2Fwp%2Fv2%2Fcategories&post=46255"},{"taxonomy":"post_tag","embeddable":true,"href":"https:\/\/zonaroja.com.mx\/index.php?rest_route=%2Fwp%2Fv2%2Ftags&post=46255"}],"curies":[{"name":"wp","href":"https:\/\/api.w.org\/{rel}","templated":true}]}}