{"id":4626,"date":"2019-10-07T14:16:42","date_gmt":"2019-10-07T19:16:42","guid":{"rendered":"https:\/\/www.zonaroja.com.mx\/?p=4626"},"modified":"2019-10-07T14:18:20","modified_gmt":"2019-10-07T19:18:20","slug":"vende-y-consigue-s-22-mantener-escuela-en-tlacolula-anuncian-reconstruccion","status":"publish","type":"post","link":"https:\/\/zonaroja.com.mx\/?p=4626","title":{"rendered":"Vence y consigue S-22 mantener escuela en Tlacolula; anuncian reconstrucci\u00f3n."},"content":{"rendered":"\n<p>Redacci\u00f3n\/Zona Roja.<\/p>\n\n\n\n<p>Oaxaca de Ju\u00e1rez, Oax., 7 de octubre de 2019.- El Sectorial de Tlacolula, de la Secci\u00f3n 22 del Sindicato Nacional de Trabajadores de la Educaci\u00f3n (SNTE), asegur\u00f3 que luego de las mesas de negociaci\u00f3n entre las autoridades estatales y municipales que sostuvieron este fin de semana, consiguieron la reconstrucci\u00f3n de la escuela en disputa, en el mismo lugar.<\/p>\n\n\n\n<p>El comit\u00e9 de madres y padres de familia, as\u00ed como directores de las escuelas \u201cPresidente L\u00f3pez Mateos\u201d y \u201cSor Juana In\u00e9s de la Cruz\u201d, con el respaldo de la gremial magisterial, se reuni\u00f3 este s\u00e1bado con autoridades de la Secretar\u00eda General de Gobierno, Instituto de Educaci\u00f3n P\u00fablica de Oaxaca, Instituto Oaxaque\u00f1o de la Construcci\u00f3n de Infraestructura Educativa y la autoridad de Tlacolula de Matamoros.<\/p>\n\n\n\n<p>Lo anterior luego del enfrentamiento a gritos, golpes y pedradas que se registr\u00f3 <a href=\"\/\/1\">el viernes por la ma\u00f1ana<\/a> y del cual la Secci\u00f3n 22 responsabiliz\u00f3 al edil de la localidad, Carlos Le\u00f3n Monterrubio, debido a su \u201cnecedad de imponer un centro comercial en el espacio que ocupa la escuela primaria\u201d.<\/p>\n\n\n\n<p>De acuerdo con el documento difundido por la gremial magisterial, madres y padres de familia agradecieron el apoyo y respaldo de la Secci\u00f3n 22 para concretar la mesa de negociaci\u00f3n con las autoridad, as\u00ed como solicitaron que permanezcan atentos de la lucha que a\u00fan no termina.<\/p>\n\n\n\n<p>\u201cNuestro reconocimiento sincero a ustedes compa\u00f1eros maestros de la D-I-97 que en la palabra y en la acci\u00f3n son congruentes con el MDTEO, luchando al lado de los padres de familia, de los ni\u00f1os y del pueblo, defendiendo la educaci\u00f3n p\u00fablica y los derechos humanos\u201d, indicaron.<\/p>\n\n\n\n<p>Tras el enfrentamiento, el centro escolar en disputa fue cerrado por personal de la gremial, quienes incluso soldaron la puerta principal y amontonaron tierra en el acceso principal para impedir el acceso de personas externas hasta que se desista de la intenci\u00f3n de reubicar la escuela, mientras que el s\u00e1bado se llev\u00f3 a cabo la mesa de negociaci\u00f3n con las autoridades correspondientes.<br \/><\/p>\n\n\n\n<p><\/p>\n","protected":false},"excerpt":{"rendered":"<p>Redacci\u00f3n\/Zona Roja. Oaxaca de Ju\u00e1rez, Oax., 7 de octubre de 2019.- El Sectorial de Tlacolula,&hellip;<\/p>\n","protected":false},"author":2,"featured_media":4625,"comment_status":"closed","ping_status":"open","sticky":false,"template":"","format":"standard","meta":{"_lmt_disableupdate":"","_lmt_disable":"","_jetpack_memberships_contains_paid_content":false,"footnotes":""},"categories":[1],"tags":[],"class_list":["post-4626","post","type-post","status-publish","format-standard","has-post-thumbnail","hentry","category-sin-categoria"],"jetpack_featured_media_url":"https:\/\/zonaroja.com.mx\/wp-content\/uploads\/2019\/10\/49e7fb2b-c95f-4338-b069-1b688dd57271-1.jpg","jetpack_sharing_enabled":true,"_links":{"self":[{"href":"https:\/\/zonaroja.com.mx\/index.php?rest_route=\/wp\/v2\/posts\/4626","targetHints":{"allow":["GET"]}}],"collection":[{"href":"https:\/\/zonaroja.com.mx\/index.php?rest_route=\/wp\/v2\/posts"}],"about":[{"href":"https:\/\/zonaroja.com.mx\/index.php?rest_route=\/wp\/v2\/types\/post"}],"author":[{"embeddable":true,"href":"https:\/\/zonaroja.com.mx\/index.php?rest_route=\/wp\/v2\/users\/2"}],"replies":[{"embeddable":true,"href":"https:\/\/zonaroja.com.mx\/index.php?rest_route=%2Fwp%2Fv2%2Fcomments&post=4626"}],"version-history":[{"count":2,"href":"https:\/\/zonaroja.com.mx\/index.php?rest_route=\/wp\/v2\/posts\/4626\/revisions"}],"predecessor-version":[{"id":4628,"href":"https:\/\/zonaroja.com.mx\/index.php?rest_route=\/wp\/v2\/posts\/4626\/revisions\/4628"}],"wp:featuredmedia":[{"embeddable":true,"href":"https:\/\/zonaroja.com.mx\/index.php?rest_route=\/wp\/v2\/media\/4625"}],"wp:attachment":[{"href":"https:\/\/zonaroja.com.mx\/index.php?rest_route=%2Fwp%2Fv2%2Fmedia&parent=4626"}],"wp:term":[{"taxonomy":"category","embeddable":true,"href":"https:\/\/zonaroja.com.mx\/index.php?rest_route=%2Fwp%2Fv2%2Fcategories&post=4626"},{"taxonomy":"post_tag","embeddable":true,"href":"https:\/\/zonaroja.com.mx\/index.php?rest_route=%2Fwp%2Fv2%2Ftags&post=4626"}],"curies":[{"name":"wp","href":"https:\/\/api.w.org\/{rel}","templated":true}]}}