{"id":46261,"date":"2022-09-27T07:51:54","date_gmt":"2022-09-27T12:51:54","guid":{"rendered":"http:\/\/www.zonaroja.com.mx\/?p=46261"},"modified":"2022-09-27T07:51:55","modified_gmt":"2022-09-27T12:51:55","slug":"entregan-a-personal-del-poder-judicial-certificados-como-facilitador-en-materia-penal","status":"publish","type":"post","link":"https:\/\/zonaroja.com.mx\/?p=46261","title":{"rendered":"Entregan a personal del Poder Judicial certificados como facilitador en materia penal"},"content":{"rendered":"\n<p>Redacci\u00f3n\/Zona Roja.<\/p>\n\n\n\n<p>Oaxaca de Ju\u00e1rez, Oax., a 27 de septiembre de 2022.- El titular del Poder Judicial del Estado, magistrado Eduardo Pinacho S\u00e1nchez, entreg\u00f3&nbsp;certificados de renovaci\u00f3n&nbsp;a facilitadores judiciales especializados en materia de justicia penal para adolescentes y a quienes obtuvieron la certificaci\u00f3n como facilitador judicial en materia penal y la especializaci\u00f3n en materia de justicia para adolescentes, resultado de la convocatoria emitida&nbsp;por el Consejo de la Judicatura el mes de mayo pasado.&nbsp;<\/p>\n\n\n\n<p>En la ceremonia protocolaria, expres\u00f3&nbsp;su reconocimiento a&nbsp;las y&nbsp;los facilitadores por&nbsp;este logro que demuestra&nbsp;que cuentan con los&nbsp;conocimientos, capacidades, habilidades y actitudes para continuar ejerciendo su labor;&nbsp;al tiempo&nbsp;que los exhort\u00f3 a que&nbsp;cada d\u00eda de manera cotidiana pongan su mejor esfuerzo para&nbsp;optimizar&nbsp;el Sistema de Justicia en&nbsp;Oaxaca.&nbsp;<\/p>\n\n\n\n<p>\u201cEstamos dando cumplimiento a una de la metas que fundamentalmente perseguimos en esta administraci\u00f3n, que es la consistente en la profesionalizaci\u00f3n y especializaci\u00f3n de todos y cada uno de los servidores judiciales, desde magistrados, magistradas, jueces, juezas y por supuesto en este caso de facilitadores y mediadores en materia penal,&nbsp;de modo que se cumplan con los m\u00e1s altos est\u00e1ndares requeridos por estos nuevos sistemas procesales\u201d, indic\u00f3.&nbsp;<\/p>\n\n\n\n<p>Acompa\u00f1ado del consejero presidente de la Comisi\u00f3n de Carrera Judicial y del Comit\u00e9 de Certificaci\u00f3n de Facilitadores Judiciales en materia penal del Consejo de la Judicatura, Francisco Jos\u00e9 Espinosa Santib\u00e1\u00f1ez y de los directores del Centro de Justicia Alternativa, Betzzaida Cruz Mendoza y de Escuela Judicial, H\u00e9ctor Humberto V\u00e1squez Quevedo&nbsp;destac\u00f3 la funci\u00f3n de los facilitadores al intervenir en asuntos para que se resuelvan a trav\u00e9s del di\u00e1logo y no lleguen a judicializarse.&nbsp;<\/p>\n\n\n\n<p>En esta ocasi\u00f3n recibieron&nbsp;certificados de renovaci\u00f3n de la&nbsp;especializaci\u00f3n en materia de Justicia para adolescentes, los facilitadores judiciales: Silvia Manzo Mar\u00edn, Rodolfo Chong Campos, N\u00e9stor Gerardo Cabrera Valdovino, Alberto Mej\u00eda Garc\u00eda y Gonzalo Su\u00e1rez Mej\u00eda. De igual manera, obtuvieron la certificaci\u00f3n como facilitador judicial en materia penal y la especializaci\u00f3n en materia de justicia penal para adolescentes, Ver\u00f3nica Cruz Mat\u00edas y Marbella Ram\u00edrez Alejandro.&nbsp;<\/p>\n\n\n\n<p>Con ello, se garantiza que los servidores p\u00fablicos brinden un servicio profesional, capacitado y&nbsp;adecuado a la ciudadan\u00eda que lo requiera, toda vez que el modelo del Sistema de Justicia Penal&nbsp;Acusatorio, considera v\u00edas alternas para la soluci\u00f3n de asuntos que no requieran ser&nbsp;tratados en&nbsp;procesos que deriven en juicios orales o en la prisi\u00f3n del imputado y permitan a&nbsp;ambas partes llegar a un acuerdo conciliado.<\/p>\n","protected":false},"excerpt":{"rendered":"<p>Redacci\u00f3n\/Zona Roja. Oaxaca de Ju\u00e1rez, Oax., a 27 de septiembre de 2022.- El titular del&hellip;<\/p>\n","protected":false},"author":2,"featured_media":46262,"comment_status":"closed","ping_status":"open","sticky":false,"template":"","format":"standard","meta":{"_lmt_disableupdate":"","_lmt_disable":"","_jetpack_memberships_contains_paid_content":false,"footnotes":""},"categories":[109,46],"tags":[223],"class_list":["post-46261","post","type-post","status-publish","format-standard","has-post-thumbnail","hentry","category-minuto-a-minuto","category-zona-blanca","tag-poder-judicial-de-oaxaca"],"jetpack_featured_media_url":"https:\/\/zonaroja.com.mx\/wp-content\/uploads\/2022\/09\/Facilitadores-judiciales-Poder-Judicial.jpg","jetpack_sharing_enabled":true,"_links":{"self":[{"href":"https:\/\/zonaroja.com.mx\/index.php?rest_route=\/wp\/v2\/posts\/46261","targetHints":{"allow":["GET"]}}],"collection":[{"href":"https:\/\/zonaroja.com.mx\/index.php?rest_route=\/wp\/v2\/posts"}],"about":[{"href":"https:\/\/zonaroja.com.mx\/index.php?rest_route=\/wp\/v2\/types\/post"}],"author":[{"embeddable":true,"href":"https:\/\/zonaroja.com.mx\/index.php?rest_route=\/wp\/v2\/users\/2"}],"replies":[{"embeddable":true,"href":"https:\/\/zonaroja.com.mx\/index.php?rest_route=%2Fwp%2Fv2%2Fcomments&post=46261"}],"version-history":[{"count":1,"href":"https:\/\/zonaroja.com.mx\/index.php?rest_route=\/wp\/v2\/posts\/46261\/revisions"}],"predecessor-version":[{"id":46263,"href":"https:\/\/zonaroja.com.mx\/index.php?rest_route=\/wp\/v2\/posts\/46261\/revisions\/46263"}],"wp:featuredmedia":[{"embeddable":true,"href":"https:\/\/zonaroja.com.mx\/index.php?rest_route=\/wp\/v2\/media\/46262"}],"wp:attachment":[{"href":"https:\/\/zonaroja.com.mx\/index.php?rest_route=%2Fwp%2Fv2%2Fmedia&parent=46261"}],"wp:term":[{"taxonomy":"category","embeddable":true,"href":"https:\/\/zonaroja.com.mx\/index.php?rest_route=%2Fwp%2Fv2%2Fcategories&post=46261"},{"taxonomy":"post_tag","embeddable":true,"href":"https:\/\/zonaroja.com.mx\/index.php?rest_route=%2Fwp%2Fv2%2Ftags&post=46261"}],"curies":[{"name":"wp","href":"https:\/\/api.w.org\/{rel}","templated":true}]}}