{"id":46264,"date":"2022-09-27T08:09:34","date_gmt":"2022-09-27T13:09:34","guid":{"rendered":"http:\/\/www.zonaroja.com.mx\/?p=46264"},"modified":"2022-09-27T08:09:36","modified_gmt":"2022-09-27T13:09:36","slug":"amanecen-estudiantes-de-alotepec-mixe-con-protesta-en-la-capital","status":"publish","type":"post","link":"https:\/\/zonaroja.com.mx\/?p=46264","title":{"rendered":"Amanecen estudiantes de Alotepec Mixe con protesta en la capital"},"content":{"rendered":"\n<p>Redacci\u00f3n\/Zona Roja.<\/p>\n\n\n\n<p>Oaxaca de Ju\u00e1rez, Oax., a 27 de septiembre de 2022.- Por segundo d\u00eda consecutivo, estudiantes de Santa Mar\u00eda Alotepec Mixe mantienen un \u201cplant\u00f3n\u201d en el Colegio Superior para la Educaci\u00f3n Integral Intercultural Comunitaria de Oaxaca (CSEIIO), en la colonia Reforma de la capital.<\/p>\n\n\n\n<p>Ello ante el nulo apoyo y desatenci\u00f3n por parte de la directora de ese organismo educativo, Emilia Garc\u00eda Guzm\u00e1n, hacia los alumnos y docentes de la Unidad de Estudios Superiores de Alotepec (UESA), en que se imparte la licenciatura en Educaci\u00f3n Intercultural Comunitaria.<\/p>\n\n\n\n<p>Entre otras demandas, destacan tambi\u00e9n la exigencia del camnio inmediato del director del plantel, Uriel Elihu Martinez Mendez, \u201cya que no ha cumplido son sus labores adecuadamente, desde el a\u00f1o 2017 que asumi\u00f3 el cargo muy pocas veces se encuentra en las instalaciones que ocupa la UESA.<\/p>\n\n\n\n<p>\u201cEl mismo no ha brindado apoyo acad\u00e9mico ni correspondido a la seguridad de las estudiantes, al igual que no ha gestionado proyectos para el beneficio de la universidad\u201d.<\/p>\n\n\n\n<p>Adem\u00e1s, el reemplazo de cuatro docentes de la misma unidad ya que no est\u00e1n capacitados para brindar una educaci\u00f3n enfocada al \u00e1mbito Intercultural Comunitaria, mientras que piden la recontrataci\u00f3n del maestro Sergio Antonio Toledo Cueto.<\/p>\n\n\n\n<p>Denuncian que la titular del CSEIIO, Emilia Garc\u00eda Guzm\u00e1n, desde asumi\u00f3 su cargo no ha acudido a las instalaciones que ocupa la UESA, y nunca ha visto por las necesidades de la instituci\u00f3n.<\/p>\n\n\n\n<p>Demandan apoyo econ\u00f3mico para el plantel ubicado en Alotepec Mixe pues \u201cdesde hace a\u00f1os han tenido en el abandono\u201d; requieren nuevas infraestructuras, mantenimiento de las aulas, equipos electr\u00f3nicos, materiales did\u00e1cticos y de papeler\u00eda, una biblioteca escolar, entre otros.<\/p>\n\n\n\n<p>\u201cYa estamos cansados de que cada vez que los estudiantes realizan actividades acad\u00e9micas con su propio recurso los dirigentes presumen haber organizado y apoyado la actividad cuando ellos solo vienen a tomar fotograf\u00edas para impresionar a los medios de comunicaci\u00f3n y llevarse todos los cr\u00e9ditos que nos corresponde como instituci\u00f3n\u201d, reclamaron, al anunciar que continuar\u00e1n con su protesta en la capital oaxaque\u00f1a.<\/p>\n","protected":false},"excerpt":{"rendered":"<p>Redacci\u00f3n\/Zona Roja. Oaxaca de Ju\u00e1rez, Oax., a 27 de septiembre de 2022.- Por segundo d\u00eda&hellip;<\/p>\n","protected":false},"author":2,"featured_media":46265,"comment_status":"closed","ping_status":"open","sticky":false,"template":"","format":"standard","meta":{"_lmt_disableupdate":"","_lmt_disable":"","_jetpack_memberships_contains_paid_content":false,"footnotes":""},"categories":[109,47],"tags":[474],"class_list":["post-46264","post","type-post","status-publish","format-standard","has-post-thumbnail","hentry","category-minuto-a-minuto","category-zona-gris","tag-santa-maria-alotepec-mixe"],"jetpack_featured_media_url":"https:\/\/zonaroja.com.mx\/wp-content\/uploads\/2022\/09\/Protesta-CSEIIO-Alotepec.jpg","jetpack_sharing_enabled":true,"_links":{"self":[{"href":"https:\/\/zonaroja.com.mx\/index.php?rest_route=\/wp\/v2\/posts\/46264","targetHints":{"allow":["GET"]}}],"collection":[{"href":"https:\/\/zonaroja.com.mx\/index.php?rest_route=\/wp\/v2\/posts"}],"about":[{"href":"https:\/\/zonaroja.com.mx\/index.php?rest_route=\/wp\/v2\/types\/post"}],"author":[{"embeddable":true,"href":"https:\/\/zonaroja.com.mx\/index.php?rest_route=\/wp\/v2\/users\/2"}],"replies":[{"embeddable":true,"href":"https:\/\/zonaroja.com.mx\/index.php?rest_route=%2Fwp%2Fv2%2Fcomments&post=46264"}],"version-history":[{"count":1,"href":"https:\/\/zonaroja.com.mx\/index.php?rest_route=\/wp\/v2\/posts\/46264\/revisions"}],"predecessor-version":[{"id":46266,"href":"https:\/\/zonaroja.com.mx\/index.php?rest_route=\/wp\/v2\/posts\/46264\/revisions\/46266"}],"wp:featuredmedia":[{"embeddable":true,"href":"https:\/\/zonaroja.com.mx\/index.php?rest_route=\/wp\/v2\/media\/46265"}],"wp:attachment":[{"href":"https:\/\/zonaroja.com.mx\/index.php?rest_route=%2Fwp%2Fv2%2Fmedia&parent=46264"}],"wp:term":[{"taxonomy":"category","embeddable":true,"href":"https:\/\/zonaroja.com.mx\/index.php?rest_route=%2Fwp%2Fv2%2Fcategories&post=46264"},{"taxonomy":"post_tag","embeddable":true,"href":"https:\/\/zonaroja.com.mx\/index.php?rest_route=%2Fwp%2Fv2%2Ftags&post=46264"}],"curies":[{"name":"wp","href":"https:\/\/api.w.org\/{rel}","templated":true}]}}