{"id":46270,"date":"2022-09-27T15:53:57","date_gmt":"2022-09-27T20:53:57","guid":{"rendered":"http:\/\/www.zonaroja.com.mx\/?p=46270"},"modified":"2022-09-27T15:53:58","modified_gmt":"2022-09-27T20:53:58","slug":"apatia-gubernamental-ante-bloqueos-crisis-en-istmo-valles-y-mixteca","status":"publish","type":"post","link":"https:\/\/zonaroja.com.mx\/?p=46270","title":{"rendered":"Apat\u00eda gubernamental ante bloqueos; crisis en Istmo, Valles y Mixteca"},"content":{"rendered":"\n<p>Yuridiana Sosa\/Zona Roja.<\/p>\n\n\n\n<p>Oaxaca de Ju\u00e1rez, Oax., a 27 de septiembre de 2022.- La inconformidad en Oaxaca ante el incumplimiento de compromisos del Gobierno del Estado se ha desbordado en bloqueos y manifestaciones que atentan contra la integridad de los ciudadanos.<\/p>\n\n\n\n<p>Entre los bloqueos que se mantienen de manera indefinida se registra el ubicado en el tramo Juchit\u00e1n-Tehuantepec de la carretera federal 185 en el Istmo, en el punto conocido como \u201cPepe y Lolita\u201d.<\/p>\n\n\n\n<p>Por segundo d\u00eda consecutivo integrantes de Organizaci\u00f3n Libertad del Istmo (OLI), apoyada de mototaxistas, exigen recursos para la ampliaci\u00f3n de drenaje de una colonia en Juchit\u00e1n, para lo que demandan atenci\u00f3n; la ciudadan\u00eda tambi\u00e9n se ve afectada por la suspensi\u00f3n del servicio de transporte en esa modalidad.<\/p>\n\n\n\n<p>Por otra parte, en Juchit\u00e1n motaxistas tambi\u00e9n \u201ctomaron\u201d las oficinas regionales de la Secretar\u00eda de Finanzas, Registro Civil y Secretar\u00eda de Movilidad.<\/p>\n\n\n\n<p>Sobre la carretera federal 190 Oaxaca-Istmo, en inmediaciones de la desviaci\u00f3n de Nejapa de Madero, se registr\u00f3 otro bloqueo por parte de habitantes de San Isidro Chihuiro, de dicho municipio, para exigir recursos negados en el ejercicio 2021 para un pozo profundo; tema por el tambi\u00e9n demandan castigo a los responsables de presuntos desv\u00edo de recursos.<\/p>\n\n\n\n<p>Mientras que en la regi\u00f3n Mixteca, pobladores de Huajuapan instalaron un bloqueo en la carretera 190 a la altura del puente del R\u00edo Mixteco.<\/p>\n\n\n\n<p>VALLES CENTRALES&nbsp;<\/p>\n\n\n\n<p>Habitantes de San Francisco Telixtlahuaca, Valles Centrales mantienen el bloqueo al acceso a su comunidad en protesta contra la presidenta municipal, Nidia Betzabeth Garc\u00eda P\u00e9rez.<\/p>\n\n\n\n<p>Los pobladores se\u00f1alan presuntos actos de corrupci\u00f3n y abusos contra el sector comercial de la localidad con cobros de piso.<\/p>\n\n\n\n<p>Las manifestaciones continuaron en inmuebles de gobierno estatal. Fue el caso de integrantes de la organizaci\u00f3n Movimiento Unificador y Lucha Triqui (MULT) que arribaron a Ciudad Judicial en Reyes Mantec\u00f3n de San Bartolo Coyotepec.<\/p>\n\n\n\n<p>Un grupo de los militantes cerraron dos accesos importantes y otro hizo presencia en oficinas de la Secretar\u00eda de Finanzas.<\/p>\n\n\n\n<p>RETENCIONES<\/p>\n\n\n\n<p>Por casi 24 horas, una veintena de trabajadores del Colegio Superior para la Educaci\u00f3n Integral Intercultural de Oaxaca (CSEIIO) permanecieron retenidos en las instalaciones de la instituci\u00f3n por alumnos de la Unidad de Estudios Superiores de Alotepec, Mixe.<\/p>\n\n\n\n<p>En la manifestaci\u00f3n que tambi\u00e9n contempl\u00f3 el cierre de la calle de Palmeras, los j\u00f3venes exigieron mejoras a la infraestructura del plantel y recursos por 100 mil pesos.&nbsp;<\/p>\n\n\n\n<p>Durante la retenci\u00f3n no permitieron ingreso de alimentos y medicamentos, as\u00ed como cortaron el suministro de energ\u00eda el\u00e9ctrica y agua.<\/p>\n\n\n\n<p>Para la liberaci\u00f3n del personal intervino la Guardia Nacional y elementos de la Polic\u00eda Estatal de Oaxaca.&nbsp;<\/p>\n\n\n\n<p>En tanto, habitantes de Santiago Progreso de Valle Nacional continuaron con la huelga de hambre para exigir la liberaci\u00f3n de sus familiares en San Pedro Ozumac\u00edn, quienes permanecen privados de su libertad de manera ilegal desde hace 26 d\u00edas.<\/p>\n\n\n\n<p>Mientras que un grupo del Comit\u00e9 de Defensa Ciudadana (Codeci) \u201ctom\u00f3\u201d de manera violenta varias oficinas de gobierno, entre ellas la Secretar\u00eda de Finanzas, en Ciudad Judicial, San Bartolo Coyotepec.<\/p>\n","protected":false},"excerpt":{"rendered":"<p>Yuridiana Sosa\/Zona Roja. Oaxaca de Ju\u00e1rez, Oax., a 27 de septiembre de 2022.- La inconformidad&hellip;<\/p>\n","protected":false},"author":2,"featured_media":46272,"comment_status":"closed","ping_status":"open","sticky":false,"template":"","format":"standard","meta":{"_lmt_disableupdate":"","_lmt_disable":"","_jetpack_memberships_contains_paid_content":false,"footnotes":""},"categories":[109,47],"tags":[2264],"class_list":["post-46270","post","type-post","status-publish","format-standard","has-post-thumbnail","hentry","category-minuto-a-minuto","category-zona-gris","tag-bloqueos-y-protestas-oaxaca"],"jetpack_featured_media_url":"https:\/\/zonaroja.com.mx\/wp-content\/uploads\/2022\/09\/Bloqueo-El-Gramal-Tehuantepec.jpg","jetpack_sharing_enabled":true,"_links":{"self":[{"href":"https:\/\/zonaroja.com.mx\/index.php?rest_route=\/wp\/v2\/posts\/46270","targetHints":{"allow":["GET"]}}],"collection":[{"href":"https:\/\/zonaroja.com.mx\/index.php?rest_route=\/wp\/v2\/posts"}],"about":[{"href":"https:\/\/zonaroja.com.mx\/index.php?rest_route=\/wp\/v2\/types\/post"}],"author":[{"embeddable":true,"href":"https:\/\/zonaroja.com.mx\/index.php?rest_route=\/wp\/v2\/users\/2"}],"replies":[{"embeddable":true,"href":"https:\/\/zonaroja.com.mx\/index.php?rest_route=%2Fwp%2Fv2%2Fcomments&post=46270"}],"version-history":[{"count":1,"href":"https:\/\/zonaroja.com.mx\/index.php?rest_route=\/wp\/v2\/posts\/46270\/revisions"}],"predecessor-version":[{"id":46274,"href":"https:\/\/zonaroja.com.mx\/index.php?rest_route=\/wp\/v2\/posts\/46270\/revisions\/46274"}],"wp:featuredmedia":[{"embeddable":true,"href":"https:\/\/zonaroja.com.mx\/index.php?rest_route=\/wp\/v2\/media\/46272"}],"wp:attachment":[{"href":"https:\/\/zonaroja.com.mx\/index.php?rest_route=%2Fwp%2Fv2%2Fmedia&parent=46270"}],"wp:term":[{"taxonomy":"category","embeddable":true,"href":"https:\/\/zonaroja.com.mx\/index.php?rest_route=%2Fwp%2Fv2%2Fcategories&post=46270"},{"taxonomy":"post_tag","embeddable":true,"href":"https:\/\/zonaroja.com.mx\/index.php?rest_route=%2Fwp%2Fv2%2Ftags&post=46270"}],"curies":[{"name":"wp","href":"https:\/\/api.w.org\/{rel}","templated":true}]}}