{"id":46277,"date":"2022-09-27T16:04:32","date_gmt":"2022-09-27T21:04:32","guid":{"rendered":"http:\/\/www.zonaroja.com.mx\/?p=46277"},"modified":"2022-09-27T16:04:36","modified_gmt":"2022-09-27T21:04:36","slug":"opinion-oaxaca-anticapitalista","status":"publish","type":"post","link":"https:\/\/zonaroja.com.mx\/?p=46277","title":{"rendered":"Opini\u00f3n. Oaxaca anticapitalista"},"content":{"rendered":"\n<p>N\u00e9stor Y. S\u00e1nchez Islas<\/p>\n\n\n\n<p>Dos discursos est\u00e1n presentes en Oaxaca. Uno escrito en los muros de la ciudad que gritan contra el sistema capitalista y otro que se escribe en las oficinas de gobiernos y pol\u00edticas p\u00fablicas que plantea la inversi\u00f3n privada como una soluci\u00f3n al rezago tradicional oaxaque\u00f1o.<\/p>\n\n\n\n<p>Los muros lo gritan, los campesinos del istmo se van contra la inversi\u00f3n extranjera y sus parques e\u00f3licos, los comuneros de Coyotepec cierran una de las pocas empresas industriales, la tenencia de la tierra en el eterno limbo en la modalidad de propiedad social y su consecuente falta de certeza jur\u00eddica.<\/p>\n\n\n\n<p>Planes para el desarrollo oaxaque\u00f1o no han faltado y, dado que la memoria colectiva es muy corta, hay que ayudar a recordar que cada presidente ha tra\u00eddo su plan debajo del brazo, pero&nbsp;por&nbsp;la conflictividad social, la geograf\u00eda, la falta de recursos y la corrupci\u00f3n no se han cumplido o han llegado&nbsp;demasiado&nbsp;tarde.<\/p>\n\n\n\n<p>El caso del ferrocarril interoce\u00e1nico es buen ejemplo de hacer las cosas mal y fuera de tiempo. Si las condiciones del pa\u00eds lo hubieran permitido se hubieran aprovechado m\u00e1s de 50 a\u00f1os de operaci\u00f3n antes de la entrada en funcionamiento del canal de Panam\u00e1. El ferrocarril entr\u00f3 en operaciones en 1907. Para 1914 inici\u00f3 la Primera Guerra Mundial y poco despu\u00e9s inici\u00f3 el tr\u00e1fico mar\u00edtimo por el canal. Apenas se tuvieron siete a\u00f1os&nbsp;de bonanza para recuperar la fara\u00f3nica inversi\u00f3n que se realiz\u00f3. Nunca el pa\u00eds recuper\u00f3 ese dinero porque desde 1914 la v\u00eda y el puerto de Salina Cruz han sobrevivido m\u00e1s por los subsidios del gobierno que por las operaciones comerciales que ah\u00ed se realizan.<\/p>\n\n\n\n<p>Nuevamente la zona del istmo de Tehuantepec, y todo Oaxaca,&nbsp;tiene otra oportunidad hist\u00f3rica. Se dej\u00f3 ir la oportunidad de ser l\u00edder del comercio mundial a fines del siglo XIX por la tardanza en construir la v\u00eda de comunicaci\u00f3n. Estamos en camino de dejar ir la oportunidad coyuntural creado por la pandemia, el enfrentamiento entre China y los Estados Unidos y la invasi\u00f3n de Rusia a Ucrania.<\/p>\n\n\n\n<p>Visit\u00f3 nuestra ciudad capital el embajador de los Estados Unidos para convocar a una reuni\u00f3n con los gobernadores del&nbsp;sur-sureste&nbsp;del pa\u00eds. Adem\u00e1s de los motivos geopol\u00edticos existen razones econ\u00f3micas de primer orden. Los inversionistas que van a abandonar China est\u00e1n buscando lugares para instalar sus factor\u00edas y, por razones geogr\u00e1ficas, nuestro pa\u00eds es un candidato natural para recibir mucha de esa inversi\u00f3n.<\/p>\n\n\n\n<p>El norte y el baj\u00edo son las zonas naturales para recibir esas&nbsp;f\u00e1bricas y&nbsp;fuentes de trabajo. Cuentan con una poblaci\u00f3n mejor educada y capacitada en cuestiones t\u00e9cnicas y tecnol\u00f3gicas, cuentan con mejor infraestructura como v\u00edas de ferrocarril, autopistas, aeropuertos&nbsp;y puertos. El activo principal es su gente por la mentalidad con que&nbsp;trabajan. El norte del pa\u00eds desarroll\u00f3 desde el siglo XIX una&nbsp;clase empresarial con una mentalidad innovadora que aqu\u00ed no tenemos.<\/p>\n\n\n\n<p>La historia econ\u00f3mica del norte del pa\u00eds deber\u00eda ser copiada por los estados del sur. Aprovecharon la coyuntura de la Guerra de Secesi\u00f3n para crear una profunda relaci\u00f3n comercial entre el sur de los Estados Unidos y el norte de M\u00e9xico. un&nbsp;corredor en forma de medialuna que va de Chihuahua a La Laguna y concluye en Monterrey es ejemplo de pujanza y prosperidad. La situaci\u00f3n mundial les&nbsp;ofrece hoy a los estados del sur de M\u00e9xico una nueva oportunidad que, en caso de dejarla pasar, quiz\u00e1 deberemos esperar otros cien a\u00f1os por una nueva.<\/p>\n\n\n\n<p>No es L\u00f3pez Obrador el primer presidente que quiere el desarrollo del istmo de Tehuantepec. Pe\u00f1a Nieto cre\u00f3 las zonas econ\u00f3micas especiales o Vicente Fox el plan Puebla-Panam\u00e1. As\u00ed como fracasaron los planes anteriores el plan actual va en el mismo camino porque en la mentalidad de muchas oaxaque\u00f1os la inversi\u00f3n privada es perjudicial para nuestra soberan\u00eda y dignidad, conceptos que tienen en alta estima, pero que tambi\u00e9n permite su f\u00e1cil manipulaci\u00f3n.<\/p>\n\n\n\n<p>El Oaxaca anticapitalista existe y es una postura&nbsp;com\u00fan entre la poblaci\u00f3n. Y hay razones&nbsp;ideol\u00f3gicas e hist\u00f3ricas&nbsp;para ello, pero ser\u00eda mejor que esa postura anticapitalista se convirtiera en un medio para llegar al bienestar que en un fin que nos mantenga en el rezago permanente.<\/p>\n\n\n\n<p>Los oaxaque\u00f1os somos muy tradicionalistas. Si bien el rechazo al sistema capitalista es fuerte, son m\u00e1s fuertes los usos y costumbres y las tradiciones heredadas de la \u00e9poca colonial y el siglo XIX las que moldean la conducta&nbsp;contradictoria&nbsp;de la gran masa.&nbsp;Su conducta comparte mucho del positivismo&nbsp;conservador e idealista&nbsp;del siglo XIX.<\/p>\n\n\n\n<p>Los muros anticapitalistas son expresiones de los propios grupos&nbsp;pol\u00edticos hoy en el poder.&nbsp;La gente sabe que necesita trabajar&nbsp;y que las empresas e inversiones privadas son necesarias. No veo&nbsp;c\u00f3mo el entrante gobierno controlar\u00e1&nbsp;a sus aliados porriles,&nbsp;a quienes&nbsp;adem\u00e1s&nbsp;deber\u00e1 compartir el poder,&nbsp;para cambiar posturas y discursos y dar la bienvenida a lo que hist\u00f3ricamente han rechazado&nbsp;y que necesitamos: inversi\u00f3n privada.<\/p>\n\n\n\n<p>Twitter @nestoryuri<\/p>\n","protected":false},"excerpt":{"rendered":"<p>N\u00e9stor Y. S\u00e1nchez Islas Dos discursos est\u00e1n presentes en Oaxaca. Uno escrito en los muros&hellip;<\/p>\n","protected":false},"author":2,"featured_media":41861,"comment_status":"closed","ping_status":"open","sticky":false,"template":"","format":"standard","meta":{"_lmt_disableupdate":"","_lmt_disable":"","_jetpack_memberships_contains_paid_content":false,"footnotes":""},"categories":[456,109],"tags":[3050],"class_list":["post-46277","post","type-post","status-publish","format-standard","has-post-thumbnail","hentry","category-columna","category-minuto-a-minuto","tag-nestor-yuri-sanchez"],"jetpack_featured_media_url":"https:\/\/zonaroja.com.mx\/wp-content\/uploads\/2022\/05\/Opinion-Nestor-Yuri-Sanchez-Islas.jpg","jetpack_sharing_enabled":true,"_links":{"self":[{"href":"https:\/\/zonaroja.com.mx\/index.php?rest_route=\/wp\/v2\/posts\/46277","targetHints":{"allow":["GET"]}}],"collection":[{"href":"https:\/\/zonaroja.com.mx\/index.php?rest_route=\/wp\/v2\/posts"}],"about":[{"href":"https:\/\/zonaroja.com.mx\/index.php?rest_route=\/wp\/v2\/types\/post"}],"author":[{"embeddable":true,"href":"https:\/\/zonaroja.com.mx\/index.php?rest_route=\/wp\/v2\/users\/2"}],"replies":[{"embeddable":true,"href":"https:\/\/zonaroja.com.mx\/index.php?rest_route=%2Fwp%2Fv2%2Fcomments&post=46277"}],"version-history":[{"count":1,"href":"https:\/\/zonaroja.com.mx\/index.php?rest_route=\/wp\/v2\/posts\/46277\/revisions"}],"predecessor-version":[{"id":46278,"href":"https:\/\/zonaroja.com.mx\/index.php?rest_route=\/wp\/v2\/posts\/46277\/revisions\/46278"}],"wp:featuredmedia":[{"embeddable":true,"href":"https:\/\/zonaroja.com.mx\/index.php?rest_route=\/wp\/v2\/media\/41861"}],"wp:attachment":[{"href":"https:\/\/zonaroja.com.mx\/index.php?rest_route=%2Fwp%2Fv2%2Fmedia&parent=46277"}],"wp:term":[{"taxonomy":"category","embeddable":true,"href":"https:\/\/zonaroja.com.mx\/index.php?rest_route=%2Fwp%2Fv2%2Fcategories&post=46277"},{"taxonomy":"post_tag","embeddable":true,"href":"https:\/\/zonaroja.com.mx\/index.php?rest_route=%2Fwp%2Fv2%2Ftags&post=46277"}],"curies":[{"name":"wp","href":"https:\/\/api.w.org\/{rel}","templated":true}]}}