{"id":46279,"date":"2022-09-28T07:06:00","date_gmt":"2022-09-28T12:06:00","guid":{"rendered":"http:\/\/www.zonaroja.com.mx\/?p=46279"},"modified":"2022-09-28T06:50:25","modified_gmt":"2022-09-28T11:50:25","slug":"contaran-23-municipios-con-unidades-municipales-de-reeducacion","status":"publish","type":"post","link":"https:\/\/zonaroja.com.mx\/?p=46279","title":{"rendered":"Contar\u00e1n 23 municipios con Unidades Municipales de Reeducaci\u00f3n"},"content":{"rendered":"\n<p>Redacci\u00f3n\/Zona Roja.<\/p>\n\n\n\n<p>Oaxaca de Ju\u00e1rez, Oax., a 28 de septiembre de 2022.- Mediante un trabajo conjunto con la Coordinaci\u00f3n General del Comit\u00e9 Estatal de Planeaci\u00f3n para el Desarrollo de Oaxaca (Coplade), la Secretar\u00eda de Seguridad P\u00fablica de Oaxaca (SSPO), instalar\u00e1 23 Unidades Municipales de Reeducaci\u00f3n, pioneras en su tipo a nivel nacional.<\/p>\n\n\n\n<p>Dichas unidades se establecer\u00e1n en 22 municipios que cuentan con Alerta de Violencia de G\u00e9nero (AVG) y las cuales servir\u00e1n para constituir la estad\u00edstica estatal que integra el Banco Nacional de Datos e Informaci\u00f3n sobre Casos de Violencia de G\u00e9nero contra las Mujeres (Banavim).<\/p>\n\n\n\n<p>Durante la entrega de convenios, la titular de la SSPO, Dalia Ba\u00f1os Noyola subray\u00f3 que a trav\u00e9s de ello, se da cumplimento a la Ley de Acceso a las Mujeres a una Vida Libre de Violencia de G\u00e9nero al coordinar acciones entre Estado y Municipios para el dise\u00f1o e implementaci\u00f3n de programas de reeducaci\u00f3n en beneficio de las ni\u00f1as, adolescentes y mujeres de Oaxaca, as\u00ed como lo ha instruido el gobernador, Alejandro Murat Hinojosa.<\/p>\n\n\n\n<p>Asimismo, agreg\u00f3 que, del 26 al 30 de septiembre, se realizar\u00e1 una jornada de capacitaci\u00f3n dirigida a representantes de los 23 municipios y, la cual estar\u00e1 a cargo del personal del Centro de Reeducaci\u00f3n para hombres que ejercen violencia contra las mujeres (Crehvm.<\/p>\n\n\n\n<p>Entre los municipios beneficiados se encuentran Huajuapan de Le\u00f3n, Santa Luc\u00eda del Camino, Santiago Jamiltepec, Villa de Zaachila, Teotitl\u00e1n de Flores Mag\u00f3n, Santa Mar\u00eda Yucuiti, Valle Nacional, Santa Mar\u00eda Apazco, Tlaxiaco, Zimatl\u00e1n de \u00c1lvarez, San Bartolo Coyotepec y Miahuatl\u00e1n de Porfirio D\u00edaz.<\/p>\n\n\n\n<p>Al igual que, San Agust\u00edn Loxicha, Asunci\u00f3n Nochixtl\u00e1n, San Juan Mixtpec, Santiago Laollaga, San Mateo del Mar, Putla Villa de Guerrero, Ixtl\u00e1n de Ju\u00e1rez, Santo Domingo Tepuxtepec, Santa Mar\u00eda Tonameca, Acatl\u00e1n de P\u00e9rez y, San Juan Bautista Tuxtepec.<\/p>\n\n\n\n<p>CAPACITACI\u00d3N EN MIAHUATL\u00c1N<\/p>\n\n\n\n<p>Por otra parte, la secretaria de Seguridad, Ba\u00f1os Noyola, impulsa la capacitaci\u00f3n y profesionalizaci\u00f3n de los polic\u00edas municipales, con el objetivo de contar con elementos acordes a las necesidades de la ciudadan\u00eda en las ocho regiones de la entidad.&nbsp;<\/p>\n\n\n\n<p>En ese sentido, mencion\u00f3 que, a trav\u00e9s de la Direcci\u00f3n General del Sistema de Desarrollo Policial (Sidepol), y en coordinaci\u00f3n con la autoridad municipal de Miahuatl\u00e1n de Porfirio D\u00edaz, se implement\u00f3 un plan de capacitaci\u00f3n que benefici\u00f3 a 300 uniformados de dicho municipio.<\/p>\n\n\n\n<p>\u00abEl objetivo de la SSPO es fortalecer la capacidad policial mediante el conocimiento y aplicaci\u00f3n de Protocolos de Seguridad P\u00fablica, para garantizar una correcta actuaci\u00f3n policial con enfoque en Derechos Humanos\u00bb, se\u00f1al\u00f3.&nbsp;<\/p>\n\n\n\n<p>Cabe se\u00f1alar que dicho curso tiene una duraci\u00f3n de 40 horas y en los que se abordan temas de Derechos Humanos, Uso de armas, Instrumentos y Mecanismo de Control, Vigilancia y Patrullaje, Detenci\u00f3n y Conducci\u00f3n de Personas, Uso de la Fuerza y Protocolo de Actuaci\u00f3n Policial en Materia de Violencia de G\u00e9nero, por mencionar algunos.<\/p>\n","protected":false},"excerpt":{"rendered":"<p>Redacci\u00f3n\/Zona Roja. Oaxaca de Ju\u00e1rez, Oax., a 28 de septiembre de 2022.- Mediante un trabajo&hellip;<\/p>\n","protected":false},"author":2,"featured_media":46271,"comment_status":"closed","ping_status":"open","sticky":false,"template":"","format":"standard","meta":{"_lmt_disableupdate":"","_lmt_disable":"","_jetpack_memberships_contains_paid_content":false,"footnotes":""},"categories":[109,46],"tags":[1421],"class_list":["post-46279","post","type-post","status-publish","format-standard","has-post-thumbnail","hentry","category-minuto-a-minuto","category-zona-blanca","tag-secretaria-de-seguridad-publica-de-oaxaca-sspo"],"jetpack_featured_media_url":"https:\/\/zonaroja.com.mx\/wp-content\/uploads\/2022\/09\/Dalia-Banos-SSPO-unidades-municipales.jpeg","jetpack_sharing_enabled":true,"_links":{"self":[{"href":"https:\/\/zonaroja.com.mx\/index.php?rest_route=\/wp\/v2\/posts\/46279","targetHints":{"allow":["GET"]}}],"collection":[{"href":"https:\/\/zonaroja.com.mx\/index.php?rest_route=\/wp\/v2\/posts"}],"about":[{"href":"https:\/\/zonaroja.com.mx\/index.php?rest_route=\/wp\/v2\/types\/post"}],"author":[{"embeddable":true,"href":"https:\/\/zonaroja.com.mx\/index.php?rest_route=\/wp\/v2\/users\/2"}],"replies":[{"embeddable":true,"href":"https:\/\/zonaroja.com.mx\/index.php?rest_route=%2Fwp%2Fv2%2Fcomments&post=46279"}],"version-history":[{"count":2,"href":"https:\/\/zonaroja.com.mx\/index.php?rest_route=\/wp\/v2\/posts\/46279\/revisions"}],"predecessor-version":[{"id":46293,"href":"https:\/\/zonaroja.com.mx\/index.php?rest_route=\/wp\/v2\/posts\/46279\/revisions\/46293"}],"wp:featuredmedia":[{"embeddable":true,"href":"https:\/\/zonaroja.com.mx\/index.php?rest_route=\/wp\/v2\/media\/46271"}],"wp:attachment":[{"href":"https:\/\/zonaroja.com.mx\/index.php?rest_route=%2Fwp%2Fv2%2Fmedia&parent=46279"}],"wp:term":[{"taxonomy":"category","embeddable":true,"href":"https:\/\/zonaroja.com.mx\/index.php?rest_route=%2Fwp%2Fv2%2Fcategories&post=46279"},{"taxonomy":"post_tag","embeddable":true,"href":"https:\/\/zonaroja.com.mx\/index.php?rest_route=%2Fwp%2Fv2%2Ftags&post=46279"}],"curies":[{"name":"wp","href":"https:\/\/api.w.org\/{rel}","templated":true}]}}