{"id":46282,"date":"2022-09-27T21:11:11","date_gmt":"2022-09-28T02:11:11","guid":{"rendered":"http:\/\/www.zonaroja.com.mx\/?p=46282"},"modified":"2022-09-27T21:11:13","modified_gmt":"2022-09-28T02:11:13","slug":"para-esto-esta-el-secretario-general-para-cuidar-la-gobernabilidad-codep","status":"publish","type":"post","link":"https:\/\/zonaroja.com.mx\/?p=46282","title":{"rendered":"\u201cPara esto est\u00e1 el secretario General, para cuidar la gobernabilidad\u201d: Codep"},"content":{"rendered":"\n<p>Yuridiana Sosa\/ Zona Roja.<\/p>\n\n\n\n<p>Oaxaca de Ju\u00e1rez, Oax., 27 de septiembre de 2022.- Lleg\u00f3 con tel\u00e9fono en llamada: \u201cQui\u00e9n es Javier Jim\u00e9nez Herrera, d\u00f3nde est\u00e1 Javier Jim\u00e9nez Herrera\u201d.<\/p>\n\n\n\n<p>La llegada de la menuda mujer tom\u00f3 por sorpresa a todos. Arrib\u00f3 al edificio del Colegio Superior de Educaci\u00f3n Integral Intercultural de Oaxaca (CSEIIO) con voz de mando.<\/p>\n\n\n\n<p>Era Jaqueline L\u00f3pez Almaz\u00e1n, dirigente del Codep y una de las l\u00edderes de la violenta agrupaci\u00f3n de la Asamblea de Pueblos en Defensa de la Educaci\u00f3n y los Derechos Humanos, quien hac\u00eda alarde de su amistad con Francisco Garc\u00eda L\u00f3pez.<\/p>\n\n\n\n<p>Nadie le respondi\u00f3 en ese momento, poco despu\u00e9s del mediod\u00eda, en que polic\u00edas estatales y la Guardia Nacional, en despliegue inusitado, hasta con equipo antimot\u00edn, hab\u00edan acudido a atestiguar al resto de trabajadores retenidos desde ayer.<\/p>\n\n\n\n<p>No estaba Javier Jim\u00e9nez Herrera, de la Secretar\u00eda General de Gobierno (Segego), sino un funcionario de la Coordinaci\u00f3n General de Atenci\u00f3n Regional, Eduardo Castillo.<\/p>\n\n\n\n<p>\u201cLe hablan, tome la llamada, es Francisco Garc\u00eda L\u00f3pez, ya habl\u00e9 con \u00e9l, para que haya di\u00e1logo\u201d, dijo la mujer en tono imperativo.<\/p>\n\n\n\n<p>El enviado de la Coordinaci\u00f3n de Atenci\u00f3n tom\u00f3 la llamada, pero se cort\u00f3; la mujer volvi\u00f3 a marcar y le contestaron de inmediato.<\/p>\n\n\n\n<p>Luego de ello, Jaqueline Almaz\u00e1n se dirigi\u00f3 al grupo de estudiantes de la Unidad de Estudios Superiores de Alotepec Mixe:<\/p>\n\n\n\n<p>\u201cYa habl\u00e9 con el gobierno, vamos a una mesa de di\u00e1logo, ya me los llevo, ya tengo lista la camioneta\u201d.<\/p>\n\n\n\n<p>ORDEN PARA TODOS<\/p>\n\n\n\n<p>En seguida, retadora, se dirigi\u00f3 a los uniformado:<\/p>\n\n\n\n<p>\u201cD\u00e9jenme hablar con la Guardia Nacional y voy a hablar con Dalia (Ba\u00f1os Noyola) para que quite a la Polic\u00eda Estatal\u201d, y se dirigi\u00f3 a la Guardia Nacional.<\/p>\n\n\n\n<p>Alardeando sus relaciones pol\u00edticas e influencias se acerc\u00f3 a elementos de la Guardia Nacional para pedirles que se retiren del lugar, as\u00ed como la Polic\u00eda del Estado.<\/p>\n\n\n\n<p>\u201cLa situaci\u00f3n es si se puede retirar la Guardia Nacional y la Polic\u00eda\u2026\u201d orden\u00f3 la profesora tras dar un contexto de sus relaciones y molestia de los estudiantes. \u201cAcabo de hablar con el secretario General de Gobierno, me pidi\u00f3 de favor que llevara una comisi\u00f3n para que hablara con \u00e9l; me voy a llevar a seis muchachos.<\/p>\n\n\n\n<figure class=\"wp-block-embed is-type-rich is-provider-twitter wp-block-embed-twitter\"><div class=\"wp-block-embed__wrapper\">\n<div class=\"twitter-tweet\"><blockquote class=\"twitter-tweet\" data-lang=\"es\"><p lang=\"es\" dir=\"ltr\">B) \u201cEstoy hablando con Francisco (<a href=\"https:\/\/twitter.com\/PacoPiza9?ref_src=twsrc%5Etfw\">@PacoPiza9<\/a>), qui\u00e9n viene de <a href=\"https:\/\/twitter.com\/SEGEGO_GobOax?ref_src=twsrc%5Etfw\">@SEGEGO_GobOax<\/a>\u2026 ya habl\u00e9 con Dalia (<a href=\"https:\/\/twitter.com\/DaliaBnoyola?ref_src=twsrc%5Etfw\">@DaliaBnoyola<\/a>) para que se lleve a los polic\u00edas\u2026 qui\u00e9n viene de Guardia Nacional, ya se pueden ir\u2026 ya habl\u00e9 con <a href=\"https:\/\/twitter.com\/JesusRCuevas?ref_src=twsrc%5Etfw\">@JesusRCuevas<\/a>\u201d, alardeaba Jaqueline Almaz\u00e1n. <a href=\"https:\/\/t.co\/2x1ukpKg65\">pic.twitter.com\/2x1ukpKg65<\/a><\/p>&mdash; Zona Roja Oaxaca (@ZonaRoja_Oaxaca) <a href=\"https:\/\/twitter.com\/ZonaRoja_Oaxaca\/status\/1574852430864519170?ref_src=twsrc%5Etfw\">27 de septiembre de 2022<\/a><\/blockquote><\/div>\n<\/div><\/figure>\n\n\n\n<p>\u201cEl secretario General \u00e9l est\u00e1 a la disposici\u00f3n de ayudar y yo creo que podemos dialogar.<\/p>\n\n\n\n<p>Su intenci\u00f3n fue frenada por la autoridad estatal, Eduardo Castillo:<\/p>\n\n\n\n<p>\u201cCon todo respeto, profesora, en realidad su trabajo a honras de qu\u00e9 nos hace favor de ayudar, se lo agradecemos\u201d.<\/p>\n\n\n\n<p>\u2014No, no, yo vengo de parte de los muchachos, ya ped\u00ed la mesa de negociaci\u00f3n con el licenciado Francisco.<\/p>\n\n\n\n<p>\u2014Gracias maestra, nada m\u00e1s para hacer una precisi\u00f3n\u2026<\/p>\n\n\n\n<p>\u2014S\u00ed, ya que platiquen, que dialoguen, para eso est\u00e1 el secretario General, para cuidar la gobernabilidad en el estado y yo creo que vamos a avanzar\u201d.<\/p>\n\n\n\n<p>Insisti\u00f3 en presumir sus influencias:<\/p>\n\n\n\n<p>\u201cEl problema aqu\u00ed es la corrupci\u00f3n, yo ya habl\u00e9 a Comunicaci\u00f3n, de Presidencia, con Jes\u00fas -Ram\u00edrez Cuevas, Coordinador General de Comunicaci\u00f3n Social de la Presidencia de la Rep\u00fablica- en M\u00e9xico, en Palacio Nacional, para que se vea esta situaci\u00f3n\u201d, alarde\u00f3.<\/p>\n\n\n\n<p>Pero no tuvo efecto, e incluso, el elemento de la Guardia Nacional sostuvo sus \u00f3rdenes superiores, permanecer en el lugar.<\/p>\n\n\n\n<p>La lideresa, de acuerdo a informaci\u00f3n extraoficial, ha exigido en mesa de di\u00e1logo hasta un mill\u00f3n de pesos.<\/p>\n\n\n\n<p>El grupo de organizaciones que dirige, agrupadas en la Asamblea&nbsp;de los&nbsp;Pueblos&nbsp;en&nbsp;Defensa&nbsp;del Territorio, Educaci\u00f3n P\u00fablica y Gratuita y los Derechos Humanos ocasionaron graves afectaciones a la poblaci\u00f3n apenas hace algunas semanas con intensa jornada de bloqueos y plantones en la capital.<\/p>\n\n\n\n<p>EL ESCAPE<\/p>\n\n\n\n<p>Momentos antes, entre empujones de estudiantes que trataron de impedir el paso, un reducido grupo de trabajadores del CSEIIO salieron del inmueble.<\/p>\n\n\n\n<p>\u201c\u00a1No, ni madres, ya estuvimos ac\u00e1 pasando hambre y fr\u00edo!\u201d, grit\u00f3 con enojo una estudiante que imped\u00eda el paso y alentaba a sus compa\u00f1eros a mantener la barrera para que valiera la pena su protesta, en la que por 24 horas retuvieron a 20 empleados.<\/p>\n\n\n\n<p>\u201c\u00a1Malditos corruptos!\u201d, \u201c\u00a1Pinches chillones, sensibles!\u201d, gritaron otros para descargar su coraje, pues no lograron impedirles la salida.<\/p>\n\n\n\n<p>La trifulca, en las oficinas en la colonia Reforma, no pas\u00f3 a mayores; despu\u00e9s, lleg\u00f3 la Guardia Nacional para que la liberaci\u00f3n del resto fuera en mejores condiciones. La directora del CSEIIO, Emilia Garc\u00eda Guzm\u00e1n, agazapada e indolente. Y todo volvi\u00f3 a la calma\u2026 con la ayuda del Codep.<\/p>\n","protected":false},"excerpt":{"rendered":"<p>Yuridiana Sosa\/ Zona Roja. Oaxaca de Ju\u00e1rez, Oax., 27 de septiembre de 2022.- Lleg\u00f3 con&hellip;<\/p>\n","protected":false},"author":2,"featured_media":46283,"comment_status":"closed","ping_status":"open","sticky":false,"template":"","format":"standard","meta":{"_lmt_disableupdate":"","_lmt_disable":"","_jetpack_memberships_contains_paid_content":false,"footnotes":""},"categories":[109,47],"tags":[2081],"class_list":["post-46282","post","type-post","status-publish","format-standard","has-post-thumbnail","hentry","category-minuto-a-minuto","category-zona-gris","tag-colegio-superior-para-la-educacion-integral-intercultural-de-oaxaca"],"jetpack_featured_media_url":"https:\/\/zonaroja.com.mx\/wp-content\/uploads\/2022\/09\/Jaqueline-Lopez-Almazan-Codep-1.jpg","jetpack_sharing_enabled":true,"_links":{"self":[{"href":"https:\/\/zonaroja.com.mx\/index.php?rest_route=\/wp\/v2\/posts\/46282","targetHints":{"allow":["GET"]}}],"collection":[{"href":"https:\/\/zonaroja.com.mx\/index.php?rest_route=\/wp\/v2\/posts"}],"about":[{"href":"https:\/\/zonaroja.com.mx\/index.php?rest_route=\/wp\/v2\/types\/post"}],"author":[{"embeddable":true,"href":"https:\/\/zonaroja.com.mx\/index.php?rest_route=\/wp\/v2\/users\/2"}],"replies":[{"embeddable":true,"href":"https:\/\/zonaroja.com.mx\/index.php?rest_route=%2Fwp%2Fv2%2Fcomments&post=46282"}],"version-history":[{"count":1,"href":"https:\/\/zonaroja.com.mx\/index.php?rest_route=\/wp\/v2\/posts\/46282\/revisions"}],"predecessor-version":[{"id":46284,"href":"https:\/\/zonaroja.com.mx\/index.php?rest_route=\/wp\/v2\/posts\/46282\/revisions\/46284"}],"wp:featuredmedia":[{"embeddable":true,"href":"https:\/\/zonaroja.com.mx\/index.php?rest_route=\/wp\/v2\/media\/46283"}],"wp:attachment":[{"href":"https:\/\/zonaroja.com.mx\/index.php?rest_route=%2Fwp%2Fv2%2Fmedia&parent=46282"}],"wp:term":[{"taxonomy":"category","embeddable":true,"href":"https:\/\/zonaroja.com.mx\/index.php?rest_route=%2Fwp%2Fv2%2Fcategories&post=46282"},{"taxonomy":"post_tag","embeddable":true,"href":"https:\/\/zonaroja.com.mx\/index.php?rest_route=%2Fwp%2Fv2%2Ftags&post=46282"}],"curies":[{"name":"wp","href":"https:\/\/api.w.org\/{rel}","templated":true}]}}